{"id":11900,"date":"2022-07-23T09:30:00","date_gmt":"2022-07-23T12:30:00","guid":{"rendered":"http:\/\/dgospel.com.br\/portal\/?p=11900"},"modified":"2022-07-23T09:30:01","modified_gmt":"2022-07-23T12:30:01","slug":"justica-suspende-resolucao-que-tornava-cunha-inelegivel","status":"publish","type":"post","link":"https:\/\/dgospel.com.br\/portal\/index.php\/2022\/07\/23\/justica-suspende-resolucao-que-tornava-cunha-inelegivel\/","title":{"rendered":"Justi\u00e7a suspende resolu\u00e7\u00e3o que tornava Cunha ineleg\u00edvel"},"content":{"rendered":"\n<p>Uma decis\u00e3o do desembargador Carlos Brand\u00e3o, do Tribunal Regional Federal da 1\u00aa Regi\u00e3o (TRF-1), suspendeu parte dos efeitos de uma resolu\u00e7\u00e3o da&nbsp;<a href=\"http:\/\/pleno.news\/tag\/camara-dos-deputados\" target=\"_blank\" rel=\"noreferrer noopener\">C\u00e2mara dos Deputados<\/a>&nbsp;que declarou, em 2016, a perda de mandato do ex-deputado&nbsp;<a href=\"http:\/\/pleno.news\/tag\/eduardo-cunha\" target=\"_blank\" rel=\"noreferrer noopener\">Eduardo Cunha<\/a>. A suspens\u00e3o est\u00e1 relacionada com a parte que determinava a inelegibilidade e a proibi\u00e7\u00e3o de ocupar cargos federais.<\/p>\n\n\n\n<p>A suspens\u00e3o foi feita a partir de um pedido de Cunha no qual foram alegados v\u00edcios no processo que levou \u00e0 cassa\u00e7\u00e3o do mandato dele. Um dos argumentos foi relacionado aos dados utilizados pelo ent\u00e3o procurador-geral da Rep\u00fablica, Rodrigo Janot, para embasar a acusa\u00e7\u00e3o de que o ex-deputado tinha contas ocultas no exterior. Para Cunha, os dados foram obtidos ilegalmente.<\/p>\n\n\n\n<p>A determina\u00e7\u00e3o da Justi\u00e7a, publicada nesta quinta-feira (21), vale at\u00e9 que o TRF-1 emita uma decis\u00e3o sobre os supostos v\u00edcios alegados por Cunha. O pedido de suspens\u00e3o dos efeitos tinha sido rejeitado em primeira inst\u00e2ncia, mas a defesa do ex-parlamentar recorreu. Ao analisar o novo pedido, o desembargador Carlos Brand\u00e3o entendeu haver \u201cplausibilidade jur\u00eddica\u201d.<\/p>\n\n\n\n<p>\u2013 Vislumbra-se, portanto, plausibilidade jur\u00eddica nas alega\u00e7\u00f5es do agravante, no sentido de que o procedimento que resultou na Resolu\u00e7\u00e3o n\u00b0 18\/2016, da C\u00e2mara dos Deputados, n\u00e3o teria respeitado os princ\u00edpios constitucionais do devido processo legal e da ampla defesa \u2013 diz.<\/p>\n\n\n\n<p>O desembargador refor\u00e7ou ainda que \u201cn\u00e3o h\u00e1 qualquer risco de irreversibilidade da medida ante a possibilidade de revis\u00e3o da decis\u00e3o, a qualquer tempo, podendo-se tornar sem efeito as presentes determina\u00e7\u00f5es, bem como os efeitos delas decorrentes\u201d, mas que o perigo de dano residiria na \u201cimpossibilidade atual de participa\u00e7\u00e3o\u201d de Cunha na elei\u00e7\u00e3o deste ano.<\/p>\n","protected":false},"excerpt":{"rendered":"<p>Uma decis\u00e3o do desembargador Carlos Brand\u00e3o, do Tribunal Regional Federal da 1\u00aa Regi\u00e3o (TRF-1), suspendeu parte dos efeitos de uma resolu\u00e7\u00e3o da&nbsp;C\u00e2mara dos Deputados&nbsp;que declarou, em 2016, a perda de mandato do ex-deputado&nbsp;Eduardo Cunha. A suspens\u00e3o est\u00e1 relacionada com a parte que determinava a inelegibilidade e a proibi\u00e7\u00e3o de ocupar cargos federais. A suspens\u00e3o foi [&hellip;]<\/p>\n","protected":false},"author":2,"featured_media":11901,"comment_status":"open","ping_status":"open","sticky":false,"template":"","format":"standard","meta":[],"categories":[4],"tags":[14],"_links":{"self":[{"href":"https:\/\/dgospel.com.br\/portal\/index.php\/wp-json\/wp\/v2\/posts\/11900"}],"collection":[{"href":"https:\/\/dgospel.com.br\/portal\/index.php\/wp-json\/wp\/v2\/posts"}],"about":[{"href":"https:\/\/dgospel.com.br\/portal\/index.php\/wp-json\/wp\/v2\/types\/post"}],"author":[{"embeddable":true,"href":"https:\/\/dgospel.com.br\/portal\/index.php\/wp-json\/wp\/v2\/users\/2"}],"replies":[{"embeddable":true,"href":"https:\/\/dgospel.com.br\/portal\/index.php\/wp-json\/wp\/v2\/comments?post=11900"}],"version-history":[{"count":1,"href":"https:\/\/dgospel.com.br\/portal\/index.php\/wp-json\/wp\/v2\/posts\/11900\/revisions"}],"predecessor-version":[{"id":11902,"href":"https:\/\/dgospel.com.br\/portal\/index.php\/wp-json\/wp\/v2\/posts\/11900\/revisions\/11902"}],"wp:featuredmedia":[{"embeddable":true,"href":"https:\/\/dgospel.com.br\/portal\/index.php\/wp-json\/wp\/v2\/media\/11901"}],"wp:attachment":[{"href":"https:\/\/dgospel.com.br\/portal\/index.php\/wp-json\/wp\/v2\/media?parent=11900"}],"wp:term":[{"taxonomy":"category","embeddable":true,"href":"https:\/\/dgospel.com.br\/portal\/index.php\/wp-json\/wp\/v2\/categories?post=11900"},{"taxonomy":"post_tag","embeddable":true,"href":"https:\/\/dgospel.com.br\/portal\/index.php\/wp-json\/wp\/v2\/tags?post=11900"}],"curies":[{"name":"wp","href":"https:\/\/api.w.org\/{rel}","templated":true}]}}