{"id":11909,"date":"2022-07-23T10:32:54","date_gmt":"2022-07-23T13:32:54","guid":{"rendered":"http:\/\/dgospel.com.br\/portal\/?p=11909"},"modified":"2022-07-23T10:32:55","modified_gmt":"2022-07-23T13:32:55","slug":"convencao-do-pdt-to-acontece-no-dia-05-de-agosto-em-palmas","status":"publish","type":"post","link":"https:\/\/dgospel.com.br\/portal\/index.php\/2022\/07\/23\/convencao-do-pdt-to-acontece-no-dia-05-de-agosto-em-palmas\/","title":{"rendered":"Conven\u00e7\u00e3o do PDT-TO acontece no dia 05 de agosto, em Palmas"},"content":{"rendered":"\n<p>O Presidente da Comiss\u00e3o Provis\u00f3ria do Partido Democr\u00e1tico Trabalhista no Tocantins (PDT\/TO), Laurez Moreira, convoca os membros da Executiva Estadual, Presidentes de Movimentos Partid\u00e1rios, devidamente organizados em \u00e2mbito estadual, Presidentes de Comiss\u00f5es Provis\u00f3rias Municipais para Conven\u00e7\u00e3o Estadual, a ser realizada no pr\u00f3ximo dia 05 de agosto, sexta-feira, a partir das 8h.<\/p>\n\n\n\n<p>O encontro ser\u00e1 de forma presencial, no Cabana do Lago Restaurante, em Palmas (TO).<\/p>\n\n\n\n<p>O encontro ser\u00e1 para deliberar, dentre os assuntos relativos \u00e0 conjuntura pol\u00edtica do Tocantins, sobre a escolha dos candidatos e candidatas do PDT\/TO a Deputado (a) Estadual e Federal e chapa majorit\u00e1ria; e sobre as coliga\u00e7\u00f5es partid\u00e1rias a serem firmadas para o pleito de 2022.<\/p>\n\n\n\n<p>Confira aqui o&nbsp;<a rel=\"noreferrer noopener\" target=\"_blank\" href=\"https:\/\/clebertoledo.com.br\/politica\/pdt-edital-de-convocacao\/\">Edital de Convoca\u00e7\u00e3o<\/a>.<\/p>\n\n\n\n<p><strong>Servi\u00e7o:<\/strong><\/p>\n\n\n\n<p>Conven\u00e7\u00e3o Nacional do PDT\/TO<\/p>\n\n\n\n<p>Data:&nbsp;05 de agosto de 2022<\/p>\n\n\n\n<p>Hor\u00e1rio:&nbsp;das 08h \u00e0s 12h<\/p>\n\n\n\n<p>Endere\u00e7o:&nbsp;Cabana do Lago Restaurante \u2013 Quadra 103 Sul, Rua SO-09, Lote 05, Cj 02, Plano Diretor Sul, Palmas\/TO, com in\u00edcio \u00e0s 08h e t\u00e9rmino previsto para \u00e0s 12h.<\/p>\n","protected":false},"excerpt":{"rendered":"<p>O Presidente da Comiss\u00e3o Provis\u00f3ria do Partido Democr\u00e1tico Trabalhista no Tocantins (PDT\/TO), Laurez Moreira, convoca os membros da Executiva Estadual, Presidentes de Movimentos Partid\u00e1rios, devidamente organizados em \u00e2mbito estadual, Presidentes de Comiss\u00f5es Provis\u00f3rias Municipais para Conven\u00e7\u00e3o Estadual, a ser realizada no pr\u00f3ximo dia 05 de agosto, sexta-feira, a partir das 8h. O encontro ser\u00e1 de [&hellip;]<\/p>\n","protected":false},"author":2,"featured_media":11910,"comment_status":"open","ping_status":"open","sticky":false,"template":"","format":"standard","meta":[],"categories":[4],"tags":[],"_links":{"self":[{"href":"https:\/\/dgospel.com.br\/portal\/index.php\/wp-json\/wp\/v2\/posts\/11909"}],"collection":[{"href":"https:\/\/dgospel.com.br\/portal\/index.php\/wp-json\/wp\/v2\/posts"}],"about":[{"href":"https:\/\/dgospel.com.br\/portal\/index.php\/wp-json\/wp\/v2\/types\/post"}],"author":[{"embeddable":true,"href":"https:\/\/dgospel.com.br\/portal\/index.php\/wp-json\/wp\/v2\/users\/2"}],"replies":[{"embeddable":true,"href":"https:\/\/dgospel.com.br\/portal\/index.php\/wp-json\/wp\/v2\/comments?post=11909"}],"version-history":[{"count":1,"href":"https:\/\/dgospel.com.br\/portal\/index.php\/wp-json\/wp\/v2\/posts\/11909\/revisions"}],"predecessor-version":[{"id":11911,"href":"https:\/\/dgospel.com.br\/portal\/index.php\/wp-json\/wp\/v2\/posts\/11909\/revisions\/11911"}],"wp:featuredmedia":[{"embeddable":true,"href":"https:\/\/dgospel.com.br\/portal\/index.php\/wp-json\/wp\/v2\/media\/11910"}],"wp:attachment":[{"href":"https:\/\/dgospel.com.br\/portal\/index.php\/wp-json\/wp\/v2\/media?parent=11909"}],"wp:term":[{"taxonomy":"category","embeddable":true,"href":"https:\/\/dgospel.com.br\/portal\/index.php\/wp-json\/wp\/v2\/categories?post=11909"},{"taxonomy":"post_tag","embeddable":true,"href":"https:\/\/dgospel.com.br\/portal\/index.php\/wp-json\/wp\/v2\/tags?post=11909"}],"curies":[{"name":"wp","href":"https:\/\/api.w.org\/{rel}","templated":true}]}}