{"id":11912,"date":"2022-07-25T10:28:19","date_gmt":"2022-07-25T13:28:19","guid":{"rendered":"http:\/\/dgospel.com.br\/portal\/?p=11912"},"modified":"2022-07-25T10:28:21","modified_gmt":"2022-07-25T13:28:21","slug":"bolsonaro-diz-que-nenhum-abortista-sera-indicado-ao-stf","status":"publish","type":"post","link":"https:\/\/dgospel.com.br\/portal\/index.php\/2022\/07\/25\/bolsonaro-diz-que-nenhum-abortista-sera-indicado-ao-stf\/","title":{"rendered":"Bolsonaro diz que \u201cnenhum abortista ser\u00e1 indicado ao STF\u201d"},"content":{"rendered":"\n<p>No Esp\u00edrito Santo pela segunda vez em seu mandato, o presidente Jair Bolsonaro (PL) esteve na Marcha para Jesus que aconteceu na capital Vit\u00f3ria, neste s\u00e1bado (23). Em seu discurso, o chefe do Executivo refor\u00e7ou seu posicionamento conservador, repudiando a descriminaliza\u00e7\u00e3o o aborto.<\/p>\n\n\n\n<p>\u2013 A Suprema Corte brasileira \u2013 que voc\u00eas conhecem muito bem \u2013, entendo eu que, pelo menos, metade mais um est\u00e1 favor\u00e1vel ao aborto, mas acha que n\u00e3o tem clima no momento de tratar esse assunto. E quem, porventura, chegar \u00e0 Presid\u00eancia em janeiro do ano que vem colocar\u00e1 em 2023 mais dois ministros no Supremo Tribunal Federal \u2013 disse.<\/p>\n\n\n\n<p>Bolsonaro garantiu que, caso reeleito, n\u00e3o indicar\u00e1 nenhum \u201cabortista\u201d ao STF.<\/p>\n\n\n\n<p>\u2013 Se for eu, se essa for uma miss\u00e3o repetida de Deus, pode ter certeza: nenhum abortista ser\u00e1 colocado dentro do Supremo Tribunal Federal \u2013 declarou.<\/p>\n\n\n\n<p>O presidente foi recebido no Aeroporto de Vit\u00f3ria pelo pr\u00e9-candidato a governador Carlos Manato (PL) e o pr\u00e9-candidato a senador Magno Malta (PL). A Marcha para Jesus de Vit\u00f3ria foi realizada sob a organiza\u00e7\u00e3o do pastor Romerito Oliveira da Encarna\u00e7\u00e3o, presidente estadual do F\u00f3rum Evang\u00e9lico Nacional de A\u00e7\u00e3o Social e Pol\u00edtica (Fenasp\/ES).<\/p>\n","protected":false},"excerpt":{"rendered":"<p>No Esp\u00edrito Santo pela segunda vez em seu mandato, o presidente Jair Bolsonaro (PL) esteve na Marcha para Jesus que aconteceu na capital Vit\u00f3ria, neste s\u00e1bado (23). Em seu discurso, o chefe do Executivo refor\u00e7ou seu posicionamento conservador, repudiando a descriminaliza\u00e7\u00e3o o aborto. \u2013 A Suprema Corte brasileira \u2013 que voc\u00eas conhecem muito bem \u2013, [&hellip;]<\/p>\n","protected":false},"author":2,"featured_media":11913,"comment_status":"open","ping_status":"open","sticky":false,"template":"","format":"standard","meta":[],"categories":[5],"tags":[13],"_links":{"self":[{"href":"https:\/\/dgospel.com.br\/portal\/index.php\/wp-json\/wp\/v2\/posts\/11912"}],"collection":[{"href":"https:\/\/dgospel.com.br\/portal\/index.php\/wp-json\/wp\/v2\/posts"}],"about":[{"href":"https:\/\/dgospel.com.br\/portal\/index.php\/wp-json\/wp\/v2\/types\/post"}],"author":[{"embeddable":true,"href":"https:\/\/dgospel.com.br\/portal\/index.php\/wp-json\/wp\/v2\/users\/2"}],"replies":[{"embeddable":true,"href":"https:\/\/dgospel.com.br\/portal\/index.php\/wp-json\/wp\/v2\/comments?post=11912"}],"version-history":[{"count":1,"href":"https:\/\/dgospel.com.br\/portal\/index.php\/wp-json\/wp\/v2\/posts\/11912\/revisions"}],"predecessor-version":[{"id":11914,"href":"https:\/\/dgospel.com.br\/portal\/index.php\/wp-json\/wp\/v2\/posts\/11912\/revisions\/11914"}],"wp:featuredmedia":[{"embeddable":true,"href":"https:\/\/dgospel.com.br\/portal\/index.php\/wp-json\/wp\/v2\/media\/11913"}],"wp:attachment":[{"href":"https:\/\/dgospel.com.br\/portal\/index.php\/wp-json\/wp\/v2\/media?parent=11912"}],"wp:term":[{"taxonomy":"category","embeddable":true,"href":"https:\/\/dgospel.com.br\/portal\/index.php\/wp-json\/wp\/v2\/categories?post=11912"},{"taxonomy":"post_tag","embeddable":true,"href":"https:\/\/dgospel.com.br\/portal\/index.php\/wp-json\/wp\/v2\/tags?post=11912"}],"curies":[{"name":"wp","href":"https:\/\/api.w.org\/{rel}","templated":true}]}}