{"id":11915,"date":"2022-07-25T10:40:36","date_gmt":"2022-07-25T13:40:36","guid":{"rendered":"http:\/\/dgospel.com.br\/portal\/?p=11915"},"modified":"2022-07-25T10:40:37","modified_gmt":"2022-07-25T13:40:37","slug":"pl-oficializa-candidatura-de-bolsonaro-e-apoiadores-oram","status":"publish","type":"post","link":"https:\/\/dgospel.com.br\/portal\/index.php\/2022\/07\/25\/pl-oficializa-candidatura-de-bolsonaro-e-apoiadores-oram\/","title":{"rendered":"PL oficializa candidatura de Bolsonaro e apoiadores oram"},"content":{"rendered":"\n<ul><li>Durante conven\u00e7\u00e3o no Rio de Janeiro, neste domingo (24), o Partido Liberal (PL) anunciou oficialmente o presidente Jair Bolsonaro (RJ) como candidato \u00e0 reelei\u00e7\u00e3o \u00e0 Presid\u00eancia da Rep\u00fablica.<\/li><li>O evento foi realizado no Maracan\u00e3zinho, Zona Norte do Rio. Bolsonaro subiu ao palco ao lado da primeira-dama, Michelle Bolsonaro.<\/li><\/ul>\n\n\n\n<p>Michelle e o chefe do Executivo fizeram um breve discurso. Os apoiadores fizeram um momento de ora\u00e7\u00e3o por eles e estenderam as m\u00e3os.<\/p>\n\n\n\n<p>Ainda na conven\u00e7\u00e3o, o general Walter Braga Netto foi confirmado como vice da chapa de Bolsonaro.<\/p>\n\n\n\n<ul><li><a href=\"https:\/\/pleno.news\/brasil\/politica-nacional\/em-evento-do-pl-publico-estende-as-maos-em-oracao-por-bolsonaro.html#!\"><\/a><\/li><\/ul>\n\n\n\n<h2><\/h2>\n\n\n\n<figure class=\"wp-block-image\"><img src=\"https:\/\/static.cdn.pleno.news\/2022\/07\/WhatsApp-Image-2022-07-24-at-11.26.15-1-768x576.jpeg\" alt=\"Em conven\u00e7\u00e3o no Rio, PL oficializa candidatura de Bolsonaro\" title=\"Em conven\u00e7\u00e3o no Rio, PL oficializa candidatura de Bolsonaro\"\/><figcaption>Em conven\u00e7\u00e3o no Rio, PL oficializa candidatura de Bolsonaro&nbsp;\/ Foto: Pleno.News<\/figcaption><\/figure>\n\n\n\n<figure class=\"wp-block-image\"><img src=\"https:\/\/static.cdn.pleno.news\/2022\/07\/WhatsApp-Image-2022-07-24-at-11.32.18-768x512.jpeg\" alt=\"Em conven\u00e7\u00e3o no Rio, PL oficializa candidatura de Bolsonaro\" title=\"Em conven\u00e7\u00e3o no Rio, PL oficializa candidatura de Bolsonaro\"\/><figcaption>Em conven\u00e7\u00e3o no Rio, PL oficializa candidatura de Bolsonaro&nbsp;\/ Foto: Pleno.News<\/figcaption><\/figure>\n\n\n\n<figure class=\"wp-block-image\"><img src=\"https:\/\/static.cdn.pleno.news\/2022\/07\/WhatsApp-Image-2022-07-24-at-11.33.56-1-768x512.jpeg\" alt=\"Em conven\u00e7\u00e3o no Rio, PL oficializa candidatura de Bolsonaro\" title=\"Em conven\u00e7\u00e3o no Rio, PL oficializa candidatura de Bolsonaro\"\/><figcaption>Em conven\u00e7\u00e3o no Rio, PL oficializa candidatura de Bolsonaro&nbsp;\/ Foto: Pleno.News<\/figcaption><\/figure>\n\n\n\n<figure class=\"wp-block-image\"><img src=\"https:\/\/static.cdn.pleno.news\/2022\/07\/WhatsApp-Image-2022-07-24-at-11.26.00-768x576.jpeg\" alt=\"Em conven\u00e7\u00e3o no Rio, PL oficializa candidatura de Bolsonaro\" title=\"Em conven\u00e7\u00e3o no Rio, PL oficializa candidatura de Bolsonaro\"\/><figcaption>Em conven\u00e7\u00e3o no Rio, PL oficializa candidatura de Bolsonaro&nbsp;\/ Foto: Pleno.News<\/figcaption><\/figure>\n\n\n\n<figure class=\"wp-block-image\"><img src=\"https:\/\/static.cdn.pleno.news\/2022\/07\/WhatsApp-Image-2022-07-24-at-11.33.56-768x512.jpeg\" alt=\"Em conven\u00e7\u00e3o no Rio, PL oficializa candidatura de Bolsonaro\" title=\"Em conven\u00e7\u00e3o no Rio, PL oficializa candidatura de Bolsonaro\"\/><figcaption>Em conven\u00e7\u00e3o no Rio, PL oficializa candidatura de Bolsonaro&nbsp;\/ Foto: Pleno.News<\/figcaption><\/figure>\n\n\n\n<figure class=\"wp-block-image\"><img src=\"https:\/\/static.cdn.pleno.news\/2022\/07\/WhatsApp-Image-2022-07-24-at-11.26.08-768x576.jpeg\" alt=\"Em conven\u00e7\u00e3o no Rio, PL oficializa candidatura de Bolsonaro\" title=\"Em conven\u00e7\u00e3o no Rio, PL oficializa candidatura de Bolsonaro\"\/><figcaption>Em conven\u00e7\u00e3o no Rio, PL oficializa candidatura de Bolsonaro&nbsp;\/ Foto: Pleno.News<\/figcaption><\/figure>\n\n\n\n<figure class=\"wp-block-image\"><img src=\"https:\/\/static.cdn.pleno.news\/2022\/07\/WhatsApp-Image-2022-07-24-at-11.33.55-3-768x512.jpeg\" alt=\"Em conven\u00e7\u00e3o no Rio, PL oficializa candidatura de Bolsonaro\" title=\"Em conven\u00e7\u00e3o no Rio, PL oficializa candidatura de Bolsonaro\"\/><figcaption>Em conven\u00e7\u00e3o no Rio, PL oficializa candidatura de Bolsonaro&nbsp;\/ Foto: Pleno.News<\/figcaption><\/figure>\n\n\n\n<figure class=\"wp-block-image\"><img src=\"https:\/\/static.cdn.pleno.news\/2022\/07\/WhatsApp-Image-2022-07-24-at-11.26.15-768x576.jpeg\" alt=\"Em conven\u00e7\u00e3o no Rio, PL oficializa candidatura de Bolsonaro\" title=\"Em conven\u00e7\u00e3o no Rio, PL oficializa candidatura de Bolsonaro\"\/><figcaption>Em conven\u00e7\u00e3o no Rio, PL oficializa candidatura de Bolsonaro&nbsp;\/ Foto: Pleno.News<\/figcaption><\/figure>\n\n\n\n<figure class=\"wp-block-image\"><img src=\"https:\/\/static.cdn.pleno.news\/2022\/07\/WhatsApp-Image-2022-07-24-at-11.33.55-2-768x512.jpeg\" alt=\"Em conven\u00e7\u00e3o no Rio, PL oficializa candidatura de Bolsonaro\" title=\"Em conven\u00e7\u00e3o no Rio, PL oficializa candidatura de Bolsonaro\"\/><figcaption>Em conven\u00e7\u00e3o no Rio, PL oficializa candidatura de Bolsonaro&nbsp;\/ Foto: Pleno.News<\/figcaption><\/figure>\n\n\n\n<figure class=\"wp-block-image\"><img src=\"https:\/\/static.cdn.pleno.news\/2022\/07\/WhatsApp-Image-2022-07-24-at-11.32.19-4-768x512.jpeg\" alt=\"Em conven\u00e7\u00e3o no Rio, PL oficializa candidatura de Bolsonaro\" title=\"Em conven\u00e7\u00e3o no Rio, PL oficializa candidatura de Bolsonaro\"\/><figcaption>Em conven\u00e7\u00e3o no Rio, PL oficializa candidatura de Bolsonaro&nbsp;\/ Foto: Pleno.News<\/figcaption><\/figure>\n\n\n\n<figure class=\"wp-block-image\"><img src=\"https:\/\/static.cdn.pleno.news\/2022\/07\/WhatsApp-Image-2022-07-24-at-11.33.55-1-768x512.jpeg\" alt=\"Em conven\u00e7\u00e3o no Rio, PL oficializa candidatura de Bolsonaro\" title=\"Em conven\u00e7\u00e3o no Rio, PL oficializa candidatura de Bolsonaro\"\/><figcaption>Em conven\u00e7\u00e3o no Rio, PL oficializa candidatura de Bolsonaro&nbsp;\/ Foto: Pleno.News<\/figcaption><\/figure>\n\n\n\n<figure class=\"wp-block-image\"><img src=\"https:\/\/static.cdn.pleno.news\/2022\/07\/WhatsApp-Image-2022-07-24-at-11.33.56-2-768x512.jpeg\" alt=\"Em conven\u00e7\u00e3o no Rio, PL oficializa candidatura de Bolsonaro\" title=\"Em conven\u00e7\u00e3o no Rio, PL oficializa candidatura de Bolsonaro\"\/><figcaption>Em conven\u00e7\u00e3o no Rio, PL oficializa candidatura de Bolsonaro&nbsp;\/ Foto: Pleno.News<\/figcaption><\/figure>\n\n\n\n<figure class=\"wp-block-image\"><img src=\"https:\/\/static.cdn.pleno.news\/2022\/07\/WhatsApp-Image-2022-07-24-at-11.33.56-3-768x512.jpeg\" alt=\"Em conven\u00e7\u00e3o no Rio, PL oficializa candidatura de Bolsonaro\" title=\"Em conven\u00e7\u00e3o no Rio, PL oficializa candidatura de Bolsonaro\"\/><figcaption>Em conven\u00e7\u00e3o no Rio, PL oficializa candidatura de Bolsonaro&nbsp;\/ Foto: Pleno.News<\/figcaption><\/figure>\n\n\n\n<figure class=\"wp-block-image\"><img src=\"https:\/\/static.cdn.pleno.news\/2022\/07\/WhatsApp-Image-2022-07-24-at-11.32.20-768x512.jpeg\" alt=\"Em conven\u00e7\u00e3o no Rio, PL oficializa candidatura de Bolsonaro\" title=\"Em conven\u00e7\u00e3o no Rio, PL oficializa candidatura de Bolsonaro\"\/><figcaption>Em conven\u00e7\u00e3o no Rio, PL oficializa candidatura de Bolsonaro&nbsp;\/ Foto: Pleno.News<\/figcaption><\/figure>\n\n\n\n<figure class=\"wp-block-image\"><img src=\"https:\/\/static.cdn.pleno.news\/2022\/07\/WhatsApp-Image-2022-07-24-at-11.32.19-768x512.jpeg\" alt=\"Em conven\u00e7\u00e3o no Rio, PL oficializa candidatura de Bolsonaro\" title=\"Em conven\u00e7\u00e3o no Rio, PL oficializa candidatura de Bolsonaro\"\/><figcaption>Em conven\u00e7\u00e3o no Rio, PL oficializa candidatura de Bolsonaro&nbsp;\/ Foto: Pleno.News<\/figcaption><\/figure>\n\n\n\n<figure class=\"wp-block-image\"><img src=\"https:\/\/static.cdn.pleno.news\/2022\/07\/WhatsApp-Image-2022-07-24-at-11.32.19-3-768x512.jpeg\" alt=\"Em conven\u00e7\u00e3o no Rio, PL oficializa candidatura de Bolsonaro\" title=\"Em conven\u00e7\u00e3o no Rio, PL oficializa candidatura de Bolsonaro\"\/><figcaption>Em conven\u00e7\u00e3o no Rio, PL oficializa candidatura de Bolsonaro&nbsp;\/ Foto: Pleno.News<\/figcaption><\/figure>\n\n\n\n<figure class=\"wp-block-image\"><img src=\"https:\/\/static.cdn.pleno.news\/2022\/07\/WhatsApp-Image-2022-07-24-at-11.32.19-2-768x512.jpeg\" alt=\"Em conven\u00e7\u00e3o no Rio, PL oficializa candidatura de Bolsonaro\" title=\"Em conven\u00e7\u00e3o no Rio, PL oficializa candidatura de Bolsonaro\"\/><figcaption>Em conven\u00e7\u00e3o no Rio, PL oficializa candidatura de Bolsonaro&nbsp;\/ Foto: Pleno.News<\/figcaption><\/figure>\n\n\n\n<figure class=\"wp-block-image\"><img src=\"https:\/\/static.cdn.pleno.news\/2022\/07\/WhatsApp-Image-2022-07-24-at-11.32.19-1-768x512.jpeg\" alt=\"Em conven\u00e7\u00e3o no Rio, PL oficializa candidatura de Bolsonaro\" title=\"Em conven\u00e7\u00e3o no Rio, PL oficializa candidatura de Bolsonaro\"\/><figcaption>Em conven\u00e7\u00e3o no Rio, PL oficializa candidatura de Bolsonaro&nbsp;\/ Foto: Pleno.News<\/figcaption><\/figure>\n\n\n\n<figure class=\"wp-block-image\"><img src=\"https:\/\/static.cdn.pleno.news\/2022\/07\/WhatsApp-Image-2022-07-24-at-11.32.19-5-768x512.jpeg\" alt=\"Em conven\u00e7\u00e3o no Rio, PL oficializa candidatura de Bolsonaro\" title=\"Em conven\u00e7\u00e3o no Rio, PL oficializa candidatura de Bolsonaro\"\/><figcaption>Em conven\u00e7\u00e3o no Rio, PL oficializa candidatura de Bolsonaro&nbsp;\/ Foto: Pleno.News<\/figcaption><\/figure>\n\n\n\n<figure class=\"wp-block-image\"><img src=\"https:\/\/static.cdn.pleno.news\/2022\/07\/WhatsApp-Image-2022-07-24-at-11.32.19-6-768x512.jpeg\" alt=\"Em conven\u00e7\u00e3o no Rio, PL oficializa candidatura de Bolsonaro\" title=\"Em conven\u00e7\u00e3o no Rio, PL oficializa candidatura de Bolsonaro\"\/><figcaption>Em conven\u00e7\u00e3o no Rio, PL oficializa candidatura de Bolsonaro&nbsp;\/ Foto: Pleno.News<\/figcaption><\/figure>\n\n\n\n<figure class=\"wp-block-image\"><img src=\"https:\/\/static.cdn.pleno.news\/2022\/07\/WhatsApp-Image-2022-07-24-at-11.32.18-1-768x512.jpeg\" alt=\"Em conven\u00e7\u00e3o no Rio, PL oficializa candidatura de Bolsonaro\" title=\"Em conven\u00e7\u00e3o no Rio, PL oficializa candidatura de Bolsonaro\"\/><figcaption>Em conven\u00e7\u00e3o no Rio, PL oficializa candidatura de Bolsonaro&nbsp;\/ Foto: Pleno.News<\/figcaption><\/figure>\n\n\n\n<figure class=\"wp-block-image\"><img src=\"https:\/\/static.cdn.pleno.news\/2022\/07\/WhatsApp-Image-2022-07-24-at-11.32.18-2-768x512.jpeg\" alt=\"Em conven\u00e7\u00e3o no Rio, PL oficializa candidatura de Bolsonaro\" title=\"Em conven\u00e7\u00e3o no Rio, PL oficializa candidatura de Bolsonaro\"\/><figcaption>Em conven\u00e7\u00e3o no Rio, PL oficializa candidatura de Bolsonaro&nbsp;\/ Foto: Pleno.News<\/figcaption><\/figure>\n\n\n\n<figure class=\"wp-block-image\"><img src=\"https:\/\/static.cdn.pleno.news\/2022\/07\/WhatsApp-Image-2022-07-24-at-11.30.08-768x512.jpeg\" alt=\"Em conven\u00e7\u00e3o no Rio, PL oficializa candidatura de Bolsonaro\" title=\"Em conven\u00e7\u00e3o no Rio, PL oficializa candidatura de Bolsonaro\"\/><figcaption>Em conven\u00e7\u00e3o no Rio, PL oficializa candidatura de Bolsonaro&nbsp;\/ Foto: Pleno.News<\/figcaption><\/figure>\n\n\n\n<figure class=\"wp-block-image\"><img src=\"https:\/\/static.cdn.pleno.news\/2022\/07\/WhatsApp-Image-2022-07-24-at-11.30.09-1-768x512.jpeg\" alt=\"Em conven\u00e7\u00e3o no Rio, PL oficializa candidatura de Bolsonaro\" title=\"Em conven\u00e7\u00e3o no Rio, PL oficializa candidatura de Bolsonaro\"\/><figcaption>Em conven\u00e7\u00e3o no Rio, PL oficializa candidatura de Bolsonaro&nbsp;\/ Foto: Pleno.News<\/figcaption><\/figure>\n\n\n\n<figure class=\"wp-block-image\"><img src=\"https:\/\/static.cdn.pleno.news\/2022\/07\/WhatsApp-Image-2022-07-24-at-11.30.09-768x512.jpeg\" alt=\"Em conven\u00e7\u00e3o no Rio, PL oficializa candidatura de Bolsonaro\" title=\"Em conven\u00e7\u00e3o no Rio, PL oficializa candidatura de Bolsonaro\"\/><figcaption>Em conven\u00e7\u00e3o no Rio, PL oficializa candidatura de Bolsonaro&nbsp;\/ Foto: Pleno.News<\/figcaption><\/figure>\n\n\n\n<ul><li>1&nbsp;de 25<\/li><\/ul>\n\n\n\n<p><\/p>\n","protected":false},"excerpt":{"rendered":"<p>Durante conven\u00e7\u00e3o no Rio de Janeiro, neste domingo (24), o Partido Liberal (PL) anunciou oficialmente o presidente Jair Bolsonaro (RJ) como candidato \u00e0 reelei\u00e7\u00e3o \u00e0 Presid\u00eancia da Rep\u00fablica. O evento foi realizado no Maracan\u00e3zinho, Zona Norte do Rio. Bolsonaro subiu ao palco ao lado da primeira-dama, Michelle Bolsonaro. Michelle e o chefe do Executivo fizeram [&hellip;]<\/p>\n","protected":false},"author":2,"featured_media":11916,"comment_status":"open","ping_status":"open","sticky":false,"template":"","format":"standard","meta":[],"categories":[4],"tags":[13],"_links":{"self":[{"href":"https:\/\/dgospel.com.br\/portal\/index.php\/wp-json\/wp\/v2\/posts\/11915"}],"collection":[{"href":"https:\/\/dgospel.com.br\/portal\/index.php\/wp-json\/wp\/v2\/posts"}],"about":[{"href":"https:\/\/dgospel.com.br\/portal\/index.php\/wp-json\/wp\/v2\/types\/post"}],"author":[{"embeddable":true,"href":"https:\/\/dgospel.com.br\/portal\/index.php\/wp-json\/wp\/v2\/users\/2"}],"replies":[{"embeddable":true,"href":"https:\/\/dgospel.com.br\/portal\/index.php\/wp-json\/wp\/v2\/comments?post=11915"}],"version-history":[{"count":1,"href":"https:\/\/dgospel.com.br\/portal\/index.php\/wp-json\/wp\/v2\/posts\/11915\/revisions"}],"predecessor-version":[{"id":11917,"href":"https:\/\/dgospel.com.br\/portal\/index.php\/wp-json\/wp\/v2\/posts\/11915\/revisions\/11917"}],"wp:featuredmedia":[{"embeddable":true,"href":"https:\/\/dgospel.com.br\/portal\/index.php\/wp-json\/wp\/v2\/media\/11916"}],"wp:attachment":[{"href":"https:\/\/dgospel.com.br\/portal\/index.php\/wp-json\/wp\/v2\/media?parent=11915"}],"wp:term":[{"taxonomy":"category","embeddable":true,"href":"https:\/\/dgospel.com.br\/portal\/index.php\/wp-json\/wp\/v2\/categories?post=11915"},{"taxonomy":"post_tag","embeddable":true,"href":"https:\/\/dgospel.com.br\/portal\/index.php\/wp-json\/wp\/v2\/tags?post=11915"}],"curies":[{"name":"wp","href":"https:\/\/api.w.org\/{rel}","templated":true}]}}