{"id":11918,"date":"2022-07-25T10:45:40","date_gmt":"2022-07-25T13:45:40","guid":{"rendered":"http:\/\/dgospel.com.br\/portal\/?p=11918"},"modified":"2022-07-25T10:45:40","modified_gmt":"2022-07-25T13:45:40","slug":"deus-tem-promessas-para-o-brasil-diz-michelle-bolsonaro","status":"publish","type":"post","link":"https:\/\/dgospel.com.br\/portal\/index.php\/2022\/07\/25\/deus-tem-promessas-para-o-brasil-diz-michelle-bolsonaro\/","title":{"rendered":"\u201cDeus tem promessas para o Brasil\u201d, diz Michelle Bolsonaro"},"content":{"rendered":"\n<p>Neste domingo (24), o Partido Liberal (PL) anunciou oficialmente o presidente Jair Bolsonaro (RJ) como candidato \u00e0 reelei\u00e7\u00e3o \u00e0 Presid\u00eancia da Rep\u00fablica. O chefe do Executivo subiu ao palco ao lado da primeira-dama, Michelle Bolsonaro, que fez um breve discurso.<\/p>\n\n\n\n<p>A conven\u00e7\u00e3o do PL est\u00e1 acontecendo no Maracan\u00e3zinho, Zona Norte do Rio de Janeiro.<\/p>\n\n\n\n<p>\u2013 Falam que ele n\u00e3o gosta de mulheres, (mas foi) ele foi quem mais sancionou leis de prote\u00e7\u00e3o para as mulheres\u2026 70 leis \u2013 declarou a primeira-dama.<\/p>\n\n\n\n<p>Michelle tamb\u00e9m citou o texto b\u00edblico de Prov\u00e9rbios 29:2 e defendeu que \u201ca reelei\u00e7\u00e3o n\u00e3o \u00e9 por um prop\u00f3sito de poder, mas por um prop\u00f3sito de liberta\u00e7\u00e3o\u201d.<\/p>\n\n\n\n<p>Ela afirmou ainda que Deus \u00e9 o pilar do governo e que h\u00e1 promessas para o pa\u00eds.<\/p>\n\n\n\n<p>\u2013 Essa na\u00e7\u00e3o \u00e9 pr\u00f3spera, essa na\u00e7\u00e3o \u00e9 rica, ela s\u00f3 foi mal administrada. Deus tem promessas para o Brasil, e essas promessas ir\u00e3o se cumprir. Essa luta n\u00e3o \u00e9 contra homens e mulheres, \u00e9 contra principados e potestades \u2013 declarou.<\/p>\n","protected":false},"excerpt":{"rendered":"<p>Neste domingo (24), o Partido Liberal (PL) anunciou oficialmente o presidente Jair Bolsonaro (RJ) como candidato \u00e0 reelei\u00e7\u00e3o \u00e0 Presid\u00eancia da Rep\u00fablica. O chefe do Executivo subiu ao palco ao lado da primeira-dama, Michelle Bolsonaro, que fez um breve discurso. A conven\u00e7\u00e3o do PL est\u00e1 acontecendo no Maracan\u00e3zinho, Zona Norte do Rio de Janeiro. \u2013 [&hellip;]<\/p>\n","protected":false},"author":2,"featured_media":11919,"comment_status":"open","ping_status":"open","sticky":false,"template":"","format":"standard","meta":[],"categories":[5],"tags":[14],"_links":{"self":[{"href":"https:\/\/dgospel.com.br\/portal\/index.php\/wp-json\/wp\/v2\/posts\/11918"}],"collection":[{"href":"https:\/\/dgospel.com.br\/portal\/index.php\/wp-json\/wp\/v2\/posts"}],"about":[{"href":"https:\/\/dgospel.com.br\/portal\/index.php\/wp-json\/wp\/v2\/types\/post"}],"author":[{"embeddable":true,"href":"https:\/\/dgospel.com.br\/portal\/index.php\/wp-json\/wp\/v2\/users\/2"}],"replies":[{"embeddable":true,"href":"https:\/\/dgospel.com.br\/portal\/index.php\/wp-json\/wp\/v2\/comments?post=11918"}],"version-history":[{"count":1,"href":"https:\/\/dgospel.com.br\/portal\/index.php\/wp-json\/wp\/v2\/posts\/11918\/revisions"}],"predecessor-version":[{"id":11920,"href":"https:\/\/dgospel.com.br\/portal\/index.php\/wp-json\/wp\/v2\/posts\/11918\/revisions\/11920"}],"wp:featuredmedia":[{"embeddable":true,"href":"https:\/\/dgospel.com.br\/portal\/index.php\/wp-json\/wp\/v2\/media\/11919"}],"wp:attachment":[{"href":"https:\/\/dgospel.com.br\/portal\/index.php\/wp-json\/wp\/v2\/media?parent=11918"}],"wp:term":[{"taxonomy":"category","embeddable":true,"href":"https:\/\/dgospel.com.br\/portal\/index.php\/wp-json\/wp\/v2\/categories?post=11918"},{"taxonomy":"post_tag","embeddable":true,"href":"https:\/\/dgospel.com.br\/portal\/index.php\/wp-json\/wp\/v2\/tags?post=11918"}],"curies":[{"name":"wp","href":"https:\/\/api.w.org\/{rel}","templated":true}]}}