{"id":11924,"date":"2022-07-25T11:10:54","date_gmt":"2022-07-25T14:10:54","guid":{"rendered":"http:\/\/dgospel.com.br\/portal\/?p=11924"},"modified":"2022-07-25T11:10:55","modified_gmt":"2022-07-25T14:10:55","slug":"emocionado-jair-bolsonaro-vai-as-lagrimas-em-fala-de-michelle","status":"publish","type":"post","link":"https:\/\/dgospel.com.br\/portal\/index.php\/2022\/07\/25\/emocionado-jair-bolsonaro-vai-as-lagrimas-em-fala-de-michelle\/","title":{"rendered":"Emocionado, Jair Bolsonaro vai \u00e0s l\u00e1grimas em fala de Michelle"},"content":{"rendered":"\n<p>O presidente Jair Bolsonaro se emocionou durante o evento do PL que homologou sua candidatura \u00e0 reelei\u00e7\u00e3o para a Presid\u00eancia da Rep\u00fablica, neste domingo (24), no Maracan\u00e3zinho, no Rio de Janeiro. Um v\u00eddeo mostra o momento em que o presidenci\u00e1vel vai \u00e0s l\u00e1grimas ao longo do discurso de sua esposa, a primeira-dama Michelle Bolsonaro.<\/p>\n\n\n\n<p>Em sua fala, que durou pouco mais de 10 minutos, Michelle fez um aceno ao eleitorado feminino, citou o texto b\u00edblico de Prov\u00e9rbios 29:2 e defendeu que \u201ca reelei\u00e7\u00e3o n\u00e3o \u00e9 por um prop\u00f3sito de poder, mas por um prop\u00f3sito de liberta\u00e7\u00e3o\u201d. Ela afirmou ainda que Deus \u00e9 o pilar do governo e que h\u00e1 promessas para o pa\u00eds.<\/p>\n\n\n\n<p>Em busca do segundo mandato consecutivo, o chefe do Executivo focou seu discurso na economia e nos feitos de sua gest\u00e3o, criticou o ex-presidente e tamb\u00e9m candidato ao Pal\u00e1cio do Planalto, Luiz In\u00e1cio Lula da Silva (PT), a quem chamou de \u201cbandido\u201d e \u201ccachaceiro\u201d, e ainda criticou partidos de oposi\u00e7\u00e3o.<\/p>\n\n\n\n<p>Em mais de uma hora de fala, ele tamb\u00e9m convocou seus apoiadores para irem \u00e0s ruas em 7 de setembro, no bicenten\u00e1rio da Independ\u00eancia. O presidente discursou por mais de uma hora diante de arquibancadas lotadas.<\/p>\n","protected":false},"excerpt":{"rendered":"<p>O presidente Jair Bolsonaro se emocionou durante o evento do PL que homologou sua candidatura \u00e0 reelei\u00e7\u00e3o para a Presid\u00eancia da Rep\u00fablica, neste domingo (24), no Maracan\u00e3zinho, no Rio de Janeiro. Um v\u00eddeo mostra o momento em que o presidenci\u00e1vel vai \u00e0s l\u00e1grimas ao longo do discurso de sua esposa, a primeira-dama Michelle Bolsonaro. Em [&hellip;]<\/p>\n","protected":false},"author":2,"featured_media":11925,"comment_status":"open","ping_status":"open","sticky":false,"template":"","format":"standard","meta":[],"categories":[4],"tags":[],"_links":{"self":[{"href":"https:\/\/dgospel.com.br\/portal\/index.php\/wp-json\/wp\/v2\/posts\/11924"}],"collection":[{"href":"https:\/\/dgospel.com.br\/portal\/index.php\/wp-json\/wp\/v2\/posts"}],"about":[{"href":"https:\/\/dgospel.com.br\/portal\/index.php\/wp-json\/wp\/v2\/types\/post"}],"author":[{"embeddable":true,"href":"https:\/\/dgospel.com.br\/portal\/index.php\/wp-json\/wp\/v2\/users\/2"}],"replies":[{"embeddable":true,"href":"https:\/\/dgospel.com.br\/portal\/index.php\/wp-json\/wp\/v2\/comments?post=11924"}],"version-history":[{"count":1,"href":"https:\/\/dgospel.com.br\/portal\/index.php\/wp-json\/wp\/v2\/posts\/11924\/revisions"}],"predecessor-version":[{"id":11926,"href":"https:\/\/dgospel.com.br\/portal\/index.php\/wp-json\/wp\/v2\/posts\/11924\/revisions\/11926"}],"wp:featuredmedia":[{"embeddable":true,"href":"https:\/\/dgospel.com.br\/portal\/index.php\/wp-json\/wp\/v2\/media\/11925"}],"wp:attachment":[{"href":"https:\/\/dgospel.com.br\/portal\/index.php\/wp-json\/wp\/v2\/media?parent=11924"}],"wp:term":[{"taxonomy":"category","embeddable":true,"href":"https:\/\/dgospel.com.br\/portal\/index.php\/wp-json\/wp\/v2\/categories?post=11924"},{"taxonomy":"post_tag","embeddable":true,"href":"https:\/\/dgospel.com.br\/portal\/index.php\/wp-json\/wp\/v2\/tags?post=11924"}],"curies":[{"name":"wp","href":"https:\/\/api.w.org\/{rel}","templated":true}]}}