{"id":11927,"date":"2022-07-25T11:21:36","date_gmt":"2022-07-25T14:21:36","guid":{"rendered":"http:\/\/dgospel.com.br\/portal\/?p=11927"},"modified":"2022-07-25T11:21:37","modified_gmt":"2022-07-25T14:21:37","slug":"inmet-emite-alerta-de-baixa-umidade-para-todas-as-regioes-do-tocantins","status":"publish","type":"post","link":"https:\/\/dgospel.com.br\/portal\/index.php\/2022\/07\/25\/inmet-emite-alerta-de-baixa-umidade-para-todas-as-regioes-do-tocantins\/","title":{"rendered":"Inmet emite alerta de baixa umidade para todas as regi\u00f5es do Tocantins"},"content":{"rendered":"\n<p>O Instituto Nacional de Meteorologia (Inmet) emitiu alerta de baixa umidade relativa do ar para todas as regi\u00f5es do Tocantins. Nos 139 munic\u00edpios a umidade deve variar entre 30% e 20% ao longo do dia.<\/p>\n\n\n\n<p>O alerta amarelo, que significa perigo potencial, come\u00e7a \u00e0s 11h e segue at\u00e9 \u00e0s 18h deste domingo (24). Segundo o \u00f3rg\u00e3o, esse cen\u00e1rio de tempo seco oferece baixo risco de inc\u00eandios florestais e \u00e0 sa\u00fade.<\/p>\n\n\n\n<p>Segundo a Organiza\u00e7\u00e3o Mundial da Sa\u00fade (OMS), quando o \u00edndice de umidade relativa do ar ficar abaixo dos 30%, o quadro j\u00e1 \u00e9 considerado preocupante, pois o n\u00edvel ideal vai de 60 a 80%.<\/p>\n\n\n\n<p>Uma das principais orienta\u00e7\u00f5es \u00e9 beber bastante \u00e1gua e evitar exerc\u00edcios f\u00edsicos no hor\u00e1rio de maior calor. A exposi\u00e7\u00e3o ao sol tamb\u00e9m \u00e9 prejudicial. Nesta \u00e9poca, moradores e turistas aproveitam as praias para se refrescar. No entanto, \u00e9 preciso ter cautela com o sol forte ao longo do dia.<\/p>\n\n\n\n<p><strong>Veja as instru\u00e7\u00f5es:<\/strong><\/p>\n\n\n\n<ul><li>Beba bastante l\u00edquido.<\/li><li>Evite desgaste f\u00edsico nas horas mais secas.<\/li><li>Evite exposi\u00e7\u00e3o ao sol nas horas mais quentes do dia.<\/li><li>Obtenha mais informa\u00e7\u00f5es junto \u00e0 Defesa Civil (telefone 199) e ao Corpo de Bombeiros (telefone 193).<\/li><\/ul>\n\n\n\n<p>Segundo o meteorologista Cl\u00e9ber Sousa, a tend\u00eancia \u00e9 que o tempo continue dessa forma pelos pr\u00f3ximos meses. \u201cO dom\u00ednio dessa massa de ar seco vai favorecendo ainda mais a queda da umidade no per\u00edodo da tarde. Ent\u00e3o se a gente est\u00e1 em estado de aten\u00e7\u00e3o agora, ao longo de julho e agosto, a gente pode chegar em umidades em torno de emerg\u00eancia\u201d, explicou.<\/p>\n\n\n\n<figure class=\"wp-block-image\"><img src=\"https:\/\/s2.glbimg.com\/oZSfSPPHE1_36aLCqIC_kQjXKDQ=\/0x0:546x398\/984x0\/smart\/filters:strip_icc()\/i.s3.glbimg.com\/v1\/AUTH_59edd422c0c84a879bd37670ae4f538a\/internal_photos\/bs\/2022\/m\/A\/DzZko1TW2MVg2TgNbowA\/tocantins-inmet.png\" alt=\"Tocantins tem alerta de baixa umidade relativa do ar para este domingo (24) \u2014 Foto: Reprodu\u00e7\u00e3o\/Inmet\"\/><\/figure>\n\n\n\n<p>Tocantins tem alerta de baixa umidade relativa do ar para este domingo (24) \u2014 Foto: Reprodu\u00e7\u00e3o\/Inmet<\/p>\n\n\n\n<p>Fonte: G1\/Tocantins <\/p>\n","protected":false},"excerpt":{"rendered":"<p>O Instituto Nacional de Meteorologia (Inmet) emitiu alerta de baixa umidade relativa do ar para todas as regi\u00f5es do Tocantins. Nos 139 munic\u00edpios a umidade deve variar entre 30% e 20% ao longo do dia. O alerta amarelo, que significa perigo potencial, come\u00e7a \u00e0s 11h e segue at\u00e9 \u00e0s 18h deste domingo (24). Segundo o [&hellip;]<\/p>\n","protected":false},"author":2,"featured_media":11928,"comment_status":"open","ping_status":"open","sticky":false,"template":"","format":"standard","meta":[],"categories":[3],"tags":[],"_links":{"self":[{"href":"https:\/\/dgospel.com.br\/portal\/index.php\/wp-json\/wp\/v2\/posts\/11927"}],"collection":[{"href":"https:\/\/dgospel.com.br\/portal\/index.php\/wp-json\/wp\/v2\/posts"}],"about":[{"href":"https:\/\/dgospel.com.br\/portal\/index.php\/wp-json\/wp\/v2\/types\/post"}],"author":[{"embeddable":true,"href":"https:\/\/dgospel.com.br\/portal\/index.php\/wp-json\/wp\/v2\/users\/2"}],"replies":[{"embeddable":true,"href":"https:\/\/dgospel.com.br\/portal\/index.php\/wp-json\/wp\/v2\/comments?post=11927"}],"version-history":[{"count":1,"href":"https:\/\/dgospel.com.br\/portal\/index.php\/wp-json\/wp\/v2\/posts\/11927\/revisions"}],"predecessor-version":[{"id":11929,"href":"https:\/\/dgospel.com.br\/portal\/index.php\/wp-json\/wp\/v2\/posts\/11927\/revisions\/11929"}],"wp:featuredmedia":[{"embeddable":true,"href":"https:\/\/dgospel.com.br\/portal\/index.php\/wp-json\/wp\/v2\/media\/11928"}],"wp:attachment":[{"href":"https:\/\/dgospel.com.br\/portal\/index.php\/wp-json\/wp\/v2\/media?parent=11927"}],"wp:term":[{"taxonomy":"category","embeddable":true,"href":"https:\/\/dgospel.com.br\/portal\/index.php\/wp-json\/wp\/v2\/categories?post=11927"},{"taxonomy":"post_tag","embeddable":true,"href":"https:\/\/dgospel.com.br\/portal\/index.php\/wp-json\/wp\/v2\/tags?post=11927"}],"curies":[{"name":"wp","href":"https:\/\/api.w.org\/{rel}","templated":true}]}}