{"id":11934,"date":"2022-07-27T08:57:05","date_gmt":"2022-07-27T11:57:05","guid":{"rendered":"http:\/\/dgospel.com.br\/portal\/?p=11934"},"modified":"2022-07-27T08:57:05","modified_gmt":"2022-07-27T11:57:05","slug":"vereador-rubens-uchoa-solicita-pavimentacao-asfaltica-e-a-duplicacao-da-avenida-j-que-liga-os-aurenys-iii-ao-iv","status":"publish","type":"post","link":"https:\/\/dgospel.com.br\/portal\/index.php\/2022\/07\/27\/vereador-rubens-uchoa-solicita-pavimentacao-asfaltica-e-a-duplicacao-da-avenida-j-que-liga-os-aurenys-iii-ao-iv\/","title":{"rendered":"Vereador Rubens Uch\u00f4a solicita pavimenta\u00e7\u00e3o asf\u00e1ltica e a duplica\u00e7\u00e3o da Avenida J que liga os Aurenys III ao IV"},"content":{"rendered":"\n<p>Trabalhando em prol de melhorias para a Capital, o vereador Rubens Uch\u00f4a (Uni\u00e3o Brasil), solicitou atrav\u00e9s de requerimento, na C\u00e2mara de Palmas, a pavimenta\u00e7\u00e3o asf\u00e1ltica e duplica\u00e7\u00e3o da Avenida J que liga o Setor Jardim Aureny III ao Aureny IV.<\/p>\n\n\n\n<p>Segundo o vereador, quando o asfalto chegar na avenida, toda a regi\u00e3o sul de Palmas ser\u00e1 beneficiada.<\/p>\n\n\n\n<p>\u201dAl\u00e9m de mais conforto e qualidade de vida, a pavimenta\u00e7\u00e3o vai evitar que a poeira afete a sa\u00fade da popula\u00e7\u00e3o durante o per\u00edodo de estiagem\u201d, justificou Uch\u00f4a<\/p>\n","protected":false},"excerpt":{"rendered":"<p>Trabalhando em prol de melhorias para a Capital, o vereador Rubens Uch\u00f4a (Uni\u00e3o Brasil), solicitou atrav\u00e9s de requerimento, na C\u00e2mara de Palmas, a pavimenta\u00e7\u00e3o asf\u00e1ltica e duplica\u00e7\u00e3o da Avenida J que liga o Setor Jardim Aureny III ao Aureny IV. Segundo o vereador, quando o asfalto chegar na avenida, toda a regi\u00e3o sul de Palmas [&hellip;]<\/p>\n","protected":false},"author":2,"featured_media":11935,"comment_status":"open","ping_status":"open","sticky":false,"template":"","format":"standard","meta":[],"categories":[8],"tags":[],"_links":{"self":[{"href":"https:\/\/dgospel.com.br\/portal\/index.php\/wp-json\/wp\/v2\/posts\/11934"}],"collection":[{"href":"https:\/\/dgospel.com.br\/portal\/index.php\/wp-json\/wp\/v2\/posts"}],"about":[{"href":"https:\/\/dgospel.com.br\/portal\/index.php\/wp-json\/wp\/v2\/types\/post"}],"author":[{"embeddable":true,"href":"https:\/\/dgospel.com.br\/portal\/index.php\/wp-json\/wp\/v2\/users\/2"}],"replies":[{"embeddable":true,"href":"https:\/\/dgospel.com.br\/portal\/index.php\/wp-json\/wp\/v2\/comments?post=11934"}],"version-history":[{"count":1,"href":"https:\/\/dgospel.com.br\/portal\/index.php\/wp-json\/wp\/v2\/posts\/11934\/revisions"}],"predecessor-version":[{"id":11936,"href":"https:\/\/dgospel.com.br\/portal\/index.php\/wp-json\/wp\/v2\/posts\/11934\/revisions\/11936"}],"wp:featuredmedia":[{"embeddable":true,"href":"https:\/\/dgospel.com.br\/portal\/index.php\/wp-json\/wp\/v2\/media\/11935"}],"wp:attachment":[{"href":"https:\/\/dgospel.com.br\/portal\/index.php\/wp-json\/wp\/v2\/media?parent=11934"}],"wp:term":[{"taxonomy":"category","embeddable":true,"href":"https:\/\/dgospel.com.br\/portal\/index.php\/wp-json\/wp\/v2\/categories?post=11934"},{"taxonomy":"post_tag","embeddable":true,"href":"https:\/\/dgospel.com.br\/portal\/index.php\/wp-json\/wp\/v2\/tags?post=11934"}],"curies":[{"name":"wp","href":"https:\/\/api.w.org\/{rel}","templated":true}]}}