{"id":11937,"date":"2022-07-27T09:01:20","date_gmt":"2022-07-27T12:01:20","guid":{"rendered":"http:\/\/dgospel.com.br\/portal\/?p=11937"},"modified":"2022-07-27T09:01:22","modified_gmt":"2022-07-27T12:01:22","slug":"camara-aprovou-piso-salarial-para-enfermeiros-e-para-agentes-de-saude","status":"publish","type":"post","link":"https:\/\/dgospel.com.br\/portal\/index.php\/2022\/07\/27\/camara-aprovou-piso-salarial-para-enfermeiros-e-para-agentes-de-saude\/","title":{"rendered":"C\u00e2mara aprovou piso salarial para enfermeiros e para agentes de sa\u00fade"},"content":{"rendered":"\n<p>A C\u00e2mara dos Deputados <a href=\"https:\/\/www.camara.leg.br\/noticias\/871744-DEPUTADOS-APROVAM-PROJETO-QUE-CRIA-PISO-SALARIAL-DA-ENFERMAGEM\">aprovou a cria\u00e7\u00e3o de um piso salarial de enfermeiros, t\u00e9cnicos de enfermagem e parteiras<\/a> (PL 2564\/20). A proposta deve seguir para san\u00e7\u00e3o presidencial, mas ainda depende de acordo sobre fontes de financiamento.<br>O texto do Senado foi relatado pela deputada <a href=\"https:\/\/www.camara.leg.br\/deputados\/164360\">Carmen Zanotto (Cidadania-SC)<\/a>, que estimou um impacto de R$ 50 milh\u00f5es ao ano na Uni\u00e3o.<\/p>\n\n\n\n<p>O projeto aprovado pelos deputados define como sal\u00e1rio m\u00ednimo inicial para os enfermeiros o valor de R$ 4.750, a ser pago nacionalmente pelos servi\u00e7os de sa\u00fade p\u00fablicos e privados. Nos demais casos, haver\u00e1 proporcionalidade: 70% do piso dos enfermeiros para os t\u00e9cnicos de enfermagem e 50% para os auxiliares de enfermagem e as parteiras.<\/p>\n\n\n\n<p>O texto prev\u00ea ainda a atualiza\u00e7\u00e3o monet\u00e1ria anual do piso da categoria com base no \u00cdndice Nacional de Pre\u00e7os ao Consumidor (INPC) e assegura a manuten\u00e7\u00e3o de sal\u00e1rios eventualmente superiores ao valor inicial sugerido, independentemente da jornada de trabalho para a qual o profissional tenha sido contratado.<\/p>\n\n\n\n<p><strong>PEC dos enfermeiros<\/strong><br><a href=\"https:\/\/www.camara.leg.br\/noticias\/897107-RELATORA-DIZ-QUE-PEC-VAI-EVITAR-VETO-OU-JUDICIALIZACAO-DO-PISO-NACIONAL-DA-ENFERMAGEM;-ACOMPANHE\">Para dar seguran\u00e7a jur\u00eddica ao projeto do piso da enfermagem, a C\u00e2mara aprovou a Proposta de Emenda \u00e0 Constitui\u00e7\u00e3o PEC 11\/22<\/a>, determinando que uma lei federal instituir\u00e1 pisos salariais nacionais para o enfermeiro, o t\u00e9cnico de enfermagem, o auxiliar de enfermagem e a parteira.<\/p>\n\n\n\n<p>De autoria do Senado e tamb\u00e9m relatada pela deputada Carmen Zanotto, a mat\u00e9ria j\u00e1 foi promulgada (Emenda Constitucional 124\/22).&nbsp;A inten\u00e7\u00e3o \u00e9 evitar que os novos pisos sejam questionados na Justi\u00e7a com o argumento de \u201cv\u00edcio de iniciativa\u201d.<\/p>\n\n\n\n<p>A emenda determina que a Uni\u00e3o, os estados, o Distrito Federal e os munic\u00edpios ter\u00e3o at\u00e9 o fim do exerc\u00edcio financeiro de publica\u00e7\u00e3o da futura lei para adequar a remunera\u00e7\u00e3o dos cargos ou dos respectivos planos de carreiras, quando houver.<\/p>\n\n\n\n<p>Fonte: Ag\u00eancia C\u00e2mara de Not\u00edcias<\/p>\n","protected":false},"excerpt":{"rendered":"<p>A C\u00e2mara dos Deputados aprovou a cria\u00e7\u00e3o de um piso salarial de enfermeiros, t\u00e9cnicos de enfermagem e parteiras (PL 2564\/20). A proposta deve seguir para san\u00e7\u00e3o presidencial, mas ainda depende de acordo sobre fontes de financiamento.O texto do Senado foi relatado pela deputada Carmen Zanotto (Cidadania-SC), que estimou um impacto de R$ 50 milh\u00f5es ao [&hellip;]<\/p>\n","protected":false},"author":2,"featured_media":11938,"comment_status":"open","ping_status":"open","sticky":false,"template":"","format":"standard","meta":[],"categories":[8],"tags":[],"_links":{"self":[{"href":"https:\/\/dgospel.com.br\/portal\/index.php\/wp-json\/wp\/v2\/posts\/11937"}],"collection":[{"href":"https:\/\/dgospel.com.br\/portal\/index.php\/wp-json\/wp\/v2\/posts"}],"about":[{"href":"https:\/\/dgospel.com.br\/portal\/index.php\/wp-json\/wp\/v2\/types\/post"}],"author":[{"embeddable":true,"href":"https:\/\/dgospel.com.br\/portal\/index.php\/wp-json\/wp\/v2\/users\/2"}],"replies":[{"embeddable":true,"href":"https:\/\/dgospel.com.br\/portal\/index.php\/wp-json\/wp\/v2\/comments?post=11937"}],"version-history":[{"count":1,"href":"https:\/\/dgospel.com.br\/portal\/index.php\/wp-json\/wp\/v2\/posts\/11937\/revisions"}],"predecessor-version":[{"id":11939,"href":"https:\/\/dgospel.com.br\/portal\/index.php\/wp-json\/wp\/v2\/posts\/11937\/revisions\/11939"}],"wp:featuredmedia":[{"embeddable":true,"href":"https:\/\/dgospel.com.br\/portal\/index.php\/wp-json\/wp\/v2\/media\/11938"}],"wp:attachment":[{"href":"https:\/\/dgospel.com.br\/portal\/index.php\/wp-json\/wp\/v2\/media?parent=11937"}],"wp:term":[{"taxonomy":"category","embeddable":true,"href":"https:\/\/dgospel.com.br\/portal\/index.php\/wp-json\/wp\/v2\/categories?post=11937"},{"taxonomy":"post_tag","embeddable":true,"href":"https:\/\/dgospel.com.br\/portal\/index.php\/wp-json\/wp\/v2\/tags?post=11937"}],"curies":[{"name":"wp","href":"https:\/\/api.w.org\/{rel}","templated":true}]}}