{"id":1194,"date":"2018-09-04T00:14:01","date_gmt":"2018-09-04T03:14:01","guid":{"rendered":"http:\/\/dgospel.com.br\/portal\/?p=1194"},"modified":"2018-09-04T00:14:01","modified_gmt":"2018-09-04T03:14:01","slug":"carlesse-solicita-a-assembleia-credito-suplementar-para-combate-a-seca","status":"publish","type":"post","link":"https:\/\/dgospel.com.br\/portal\/index.php\/2018\/09\/04\/carlesse-solicita-a-assembleia-credito-suplementar-para-combate-a-seca\/","title":{"rendered":"Carlesse solicita \u00e0 Assembleia cr\u00e9dito suplementar para combate \u00e0 seca"},"content":{"rendered":"<p class=\"yiv8709076012MsoNormal\">O governador e candidato \u00e0 reelei\u00e7\u00e3o, Mauro Carlesse (PHS), solicitou \u00e0 Assembleia Legislativa autoriza\u00e7\u00e3o de abertura de cr\u00e9dito adicional suplementar para o abastecimento de \u00e1gua pot\u00e1vel nos munic\u00edpios tocantinenses. O pedido foi feito por meio do Projeto de Lei n\u00ba 13\/2018, protocolado na Casa de Leis na manh\u00e3 desta segunda-feira, 3.<\/p>\n<p class=\"yiv8709076012MsoNormal\">O pedido de abertura de cr\u00e9dito ao Legislativo \u00e9 necess\u00e1rio porque excede ao limite de 12,5% do total da despesa inicialmente fixada no or\u00e7amento deste ano para a ATS. O Executivo tem margem de\u00a05% para o remanejamento or\u00e7ament\u00e1rio sem a permiss\u00e3o pr\u00e9via da Assembleia; acima desse valor precisa de autoriza\u00e7\u00e3o dos deputados.<\/p>\n<p class=\"yiv8709076012MsoNormal\"><b>Investimentos<\/b><\/p>\n<p class=\"yiv8709076012MsoNormal\">Carlesse lembra que o ideal, para enfrentar o desabastecimento, \u00e9 investir na recupera\u00e7\u00e3o das nascentes e na instala\u00e7\u00e3o de pequenas barragens. \u201cIsso est\u00e1 previsto no nosso plano de governo, mas as pessoas n\u00e3o podem esperar, por isso precisamos da abertura desse cr\u00e9dito adicional para aliviar o sofrimento de moradores da regi\u00e3o Sudeste do Estado e do Vale do Araguaia\u201d, destacou.<\/p>\n<p class=\"yiv8709076012MsoNormal\">Em seu plano governo, Carlesse prop\u00f5e apoio aos munic\u00edpios para a elabora\u00e7\u00e3o e execu\u00e7\u00e3o de projetos de\u00a0saneamento nas \u00e1reas de res\u00edduos s\u00f3lidos, abastecimento p\u00fablico, esgotamento sanit\u00e1rio e drenagem urbana; constru\u00e7\u00e3o de pequenas barragens em todos os munic\u00edpios tocantinenses, com \u00eanfase para a regi\u00e3o sudeste.<\/p>\n","protected":false},"excerpt":{"rendered":"<p>O governador e candidato \u00e0 reelei\u00e7\u00e3o, Mauro Carlesse (PHS), solicitou \u00e0 Assembleia Legislativa autoriza\u00e7\u00e3o de abertura de cr\u00e9dito adicional suplementar para o abastecimento de \u00e1gua pot\u00e1vel nos munic\u00edpios tocantinenses. O pedido foi feito por meio do Projeto de Lei n\u00ba 13\/2018, protocolado na Casa de Leis na manh\u00e3 desta segunda-feira, 3. O pedido de abertura [&hellip;]<\/p>\n","protected":false},"author":2,"featured_media":1195,"comment_status":"open","ping_status":"open","sticky":false,"template":"","format":"standard","meta":[],"categories":[2,3],"tags":[],"_links":{"self":[{"href":"https:\/\/dgospel.com.br\/portal\/index.php\/wp-json\/wp\/v2\/posts\/1194"}],"collection":[{"href":"https:\/\/dgospel.com.br\/portal\/index.php\/wp-json\/wp\/v2\/posts"}],"about":[{"href":"https:\/\/dgospel.com.br\/portal\/index.php\/wp-json\/wp\/v2\/types\/post"}],"author":[{"embeddable":true,"href":"https:\/\/dgospel.com.br\/portal\/index.php\/wp-json\/wp\/v2\/users\/2"}],"replies":[{"embeddable":true,"href":"https:\/\/dgospel.com.br\/portal\/index.php\/wp-json\/wp\/v2\/comments?post=1194"}],"version-history":[{"count":1,"href":"https:\/\/dgospel.com.br\/portal\/index.php\/wp-json\/wp\/v2\/posts\/1194\/revisions"}],"predecessor-version":[{"id":1196,"href":"https:\/\/dgospel.com.br\/portal\/index.php\/wp-json\/wp\/v2\/posts\/1194\/revisions\/1196"}],"wp:featuredmedia":[{"embeddable":true,"href":"https:\/\/dgospel.com.br\/portal\/index.php\/wp-json\/wp\/v2\/media\/1195"}],"wp:attachment":[{"href":"https:\/\/dgospel.com.br\/portal\/index.php\/wp-json\/wp\/v2\/media?parent=1194"}],"wp:term":[{"taxonomy":"category","embeddable":true,"href":"https:\/\/dgospel.com.br\/portal\/index.php\/wp-json\/wp\/v2\/categories?post=1194"},{"taxonomy":"post_tag","embeddable":true,"href":"https:\/\/dgospel.com.br\/portal\/index.php\/wp-json\/wp\/v2\/tags?post=1194"}],"curies":[{"name":"wp","href":"https:\/\/api.w.org\/{rel}","templated":true}]}}