{"id":11953,"date":"2022-07-27T11:02:58","date_gmt":"2022-07-27T14:02:58","guid":{"rendered":"http:\/\/dgospel.com.br\/portal\/?p=11953"},"modified":"2022-07-27T11:03:00","modified_gmt":"2022-07-27T14:03:00","slug":"fachin-se-reune-em-brasilia-com-advogados-ligados-a-lula","status":"publish","type":"post","link":"https:\/\/dgospel.com.br\/portal\/index.php\/2022\/07\/27\/fachin-se-reune-em-brasilia-com-advogados-ligados-a-lula\/","title":{"rendered":"Fachin se re\u00fane em Bras\u00edlia com advogados ligados a Lula"},"content":{"rendered":"\n<p>Na tarde desta ter\u00e7a-feira (26), o presidente do Tribunal Superior Eleitoral (TSE) Edson Fachin recebeu advogados do Prerrogativas, grupo de juristas ligados ao ex-presidente Luiz In\u00e1cio Lula da Silva (PT). A reuni\u00e3o foi solicitada pelos advogados.<\/p>\n\n\n\n<p>O objetivo dos juristas \u00e9 pleitear um espa\u00e7o para o Prerrogativas no grupo de trabalho criado por Fachin, que visa o enfrentamento \u00e0 viol\u00eancia pol\u00edtica no contexto das elei\u00e7\u00f5es de outubro.<\/p>\n\n\n\n<p>Os advogados tamb\u00e9m prestam \u201csolidariedade\u201d ao ministro pelos constantes embates entre o Judici\u00e1rio e o Executivo, e se colocam \u00e0 disposi\u00e7\u00e3o para \u201catuar em defesa da democracia\u201d.<\/p>\n\n\n\n<p>O grupo ainda convidou Fachin para um ato em defesa da democracia marcado para o dia 11 de agosto, no pr\u00e9dio da Faculdade de Direito da Universidade de S\u00e3o Paulo, no Centro de S\u00e3o Paulo.<\/p>\n\n\n\n<p>Prerrogativas foi o grupo respons\u00e1vel pelo<a href=\"https:\/\/pleno.news\/brasil\/politica-nacional\/em-jantar-de-ate-r-20-mil-lula-agradece-doacoes-para-o-pt.html\" target=\"_blank\" rel=\"noreferrer noopener\">&nbsp;suntuoso jantar<\/a>&nbsp;que reuniu, Lula, Geraldo Alckmin, aliados e criminalistas em S\u00e3o Paulo no dia 26 de junho. Parte dos advogados presentes no evento fez doa\u00e7\u00f5es de R$ 20 mil para o Partido dos Trabalhadores.<\/p>\n","protected":false},"excerpt":{"rendered":"<p>Na tarde desta ter\u00e7a-feira (26), o presidente do Tribunal Superior Eleitoral (TSE) Edson Fachin recebeu advogados do Prerrogativas, grupo de juristas ligados ao ex-presidente Luiz In\u00e1cio Lula da Silva (PT). A reuni\u00e3o foi solicitada pelos advogados. O objetivo dos juristas \u00e9 pleitear um espa\u00e7o para o Prerrogativas no grupo de trabalho criado por Fachin, que [&hellip;]<\/p>\n","protected":false},"author":2,"featured_media":11954,"comment_status":"open","ping_status":"open","sticky":false,"template":"","format":"standard","meta":[],"categories":[4],"tags":[14],"_links":{"self":[{"href":"https:\/\/dgospel.com.br\/portal\/index.php\/wp-json\/wp\/v2\/posts\/11953"}],"collection":[{"href":"https:\/\/dgospel.com.br\/portal\/index.php\/wp-json\/wp\/v2\/posts"}],"about":[{"href":"https:\/\/dgospel.com.br\/portal\/index.php\/wp-json\/wp\/v2\/types\/post"}],"author":[{"embeddable":true,"href":"https:\/\/dgospel.com.br\/portal\/index.php\/wp-json\/wp\/v2\/users\/2"}],"replies":[{"embeddable":true,"href":"https:\/\/dgospel.com.br\/portal\/index.php\/wp-json\/wp\/v2\/comments?post=11953"}],"version-history":[{"count":1,"href":"https:\/\/dgospel.com.br\/portal\/index.php\/wp-json\/wp\/v2\/posts\/11953\/revisions"}],"predecessor-version":[{"id":11955,"href":"https:\/\/dgospel.com.br\/portal\/index.php\/wp-json\/wp\/v2\/posts\/11953\/revisions\/11955"}],"wp:featuredmedia":[{"embeddable":true,"href":"https:\/\/dgospel.com.br\/portal\/index.php\/wp-json\/wp\/v2\/media\/11954"}],"wp:attachment":[{"href":"https:\/\/dgospel.com.br\/portal\/index.php\/wp-json\/wp\/v2\/media?parent=11953"}],"wp:term":[{"taxonomy":"category","embeddable":true,"href":"https:\/\/dgospel.com.br\/portal\/index.php\/wp-json\/wp\/v2\/categories?post=11953"},{"taxonomy":"post_tag","embeddable":true,"href":"https:\/\/dgospel.com.br\/portal\/index.php\/wp-json\/wp\/v2\/tags?post=11953"}],"curies":[{"name":"wp","href":"https:\/\/api.w.org\/{rel}","templated":true}]}}