{"id":11956,"date":"2022-07-27T11:26:03","date_gmt":"2022-07-27T14:26:03","guid":{"rendered":"http:\/\/dgospel.com.br\/portal\/?p=11956"},"modified":"2022-07-27T11:26:05","modified_gmt":"2022-07-27T14:26:05","slug":"ataides-oliveira-se-reune-com-mais-de-30-lideres-comunitarios-na-capital","status":"publish","type":"post","link":"https:\/\/dgospel.com.br\/portal\/index.php\/2022\/07\/27\/ataides-oliveira-se-reune-com-mais-de-30-lideres-comunitarios-na-capital\/","title":{"rendered":"Ata\u00eddes Oliveira se re\u00fane com mais de 30 l\u00edderes comunit\u00e1rios na Capital"},"content":{"rendered":"\n<p>A pr\u00e9-campanha de Ata\u00eddes Oliveira (PROS) est\u00e1 recebendo cada vez mais apoio, e na noite dessa ter\u00e7a-feira, 26, cerca de 30 l\u00edderes comunit\u00e1rios da Capital se uniram ao grupo em uma grande reuni\u00e3o na quadra 307 norte.<\/p>\n\n\n\n<p>Ata\u00eddes destacou em seu discurso que o projeto nesta pr\u00e9-campanha \u00e9 agregar pessoas que queiram um Tocantins e um Brasil melhor. \u201cNosso grupo de apoiadores vem crescendo a cada dia, s\u00e3o pessoas que chegam e declaram seu apoio porque acreditam nas nossas ideias, e principalmente lembram da forma atuante que tive no Senado, trazendo recursos para os munic\u00edpios e tendo as portas abertas do meu Gabinete a todos\u201d, afirmou.<\/p>\n\n\n\n<p>Presente no evento, o pr\u00e9-candidato a deputado estadual Artur Ribeiro, contou aos apoiadores que durante a pandemia, mesmo sem mandato eletivo, Ata\u00eddes se preocupou em ajudar a popula\u00e7\u00e3o do Tocantins. \u201cEle me chamou e disse que precis\u00e1vamos fazer algo. Ent\u00e3o, ele adquiriu mais de 8 mil cestas b\u00e1sicas e fomos pessoalmente distribu\u00ed-las para as fam\u00edlias que estavam passando fome naquele per\u00edodo. Ata\u00eddes \u00e9 um homem diferenciado, humano, que entende o povo, porque ele veio de l\u00e1 e sabe como essas situa\u00e7\u00f5es afetam a vida das pessoas\u201d, assegurou.<\/p>\n\n\n\n<p><strong>Apoio<\/strong><\/p>\n\n\n\n<p>O presidente da Associa\u00e7\u00e3o de Moradores da Quadra 605 norte, Erenal Barbosa, participou da reuni\u00e3o e explicou porque vai apoiar Ata\u00eddes. \u201cNos \u00faltimos anos, venho observando o trabalho do senador Ata\u00eddes, principalmente no combate \u00e0s coisas erradas que vem acontecendo no Brasil, e o seu interesse tamb\u00e9m pela na \u00e1rea social. Isso fez com que eu abra\u00e7asse a causa dele, como pr\u00e9-candidato a senador. Estou com ele, e se Deus quiser, vai dar tudo certo e a gente vai trabalhar junto para ele chegar nesse cargo de Senador\u201d, disse.<\/p>\n\n\n\n<p>Vasti do Carmo, presidente da Associa\u00e7\u00e3o de Moradores da Quadra 303 norte, tamb\u00e9m demonstrou seu apoio. \u201cAta\u00eddes \u00e9 um homem honesto, correto, foi um bom senador quando esteve no Congresso e por isso precisamos que ele volte novamente para l\u00e1. Ele tem sensibilidade e sabe como ajudar o povo que mais precisa. Gostei de suas propostas e por isso estou aqui o apoiando\u201d, concluiu.<\/p>\n\n\n\n<p>Participaram da reuni\u00e3o l\u00edderes e representantes dos Aurenys, Luzimangues, Setor \u00c1gua Fria, Setor Diamante, Setor Jana\u00edna, Setor Santo Amaro, Taquari, de diversas quadras das regi\u00f5es norte e sul, al\u00e9m do presidente do Instituto Selo de Deus e membros da sociedade civil.<\/p>\n\n\n\n<p>Fonte: Comunica\u00e7\u00e3o &#8211; Ata\u00eddes Oliveira &#8211; Pr\u00e9-Candidato ao Senado<\/p>\n","protected":false},"excerpt":{"rendered":"<p>A pr\u00e9-campanha de Ata\u00eddes Oliveira (PROS) est\u00e1 recebendo cada vez mais apoio, e na noite dessa ter\u00e7a-feira, 26, cerca de 30 l\u00edderes comunit\u00e1rios da Capital se uniram ao grupo em uma grande reuni\u00e3o na quadra 307 norte. Ata\u00eddes destacou em seu discurso que o projeto nesta pr\u00e9-campanha \u00e9 agregar pessoas que queiram um Tocantins e [&hellip;]<\/p>\n","protected":false},"author":2,"featured_media":11957,"comment_status":"open","ping_status":"open","sticky":false,"template":"","format":"standard","meta":[],"categories":[4],"tags":[13],"_links":{"self":[{"href":"https:\/\/dgospel.com.br\/portal\/index.php\/wp-json\/wp\/v2\/posts\/11956"}],"collection":[{"href":"https:\/\/dgospel.com.br\/portal\/index.php\/wp-json\/wp\/v2\/posts"}],"about":[{"href":"https:\/\/dgospel.com.br\/portal\/index.php\/wp-json\/wp\/v2\/types\/post"}],"author":[{"embeddable":true,"href":"https:\/\/dgospel.com.br\/portal\/index.php\/wp-json\/wp\/v2\/users\/2"}],"replies":[{"embeddable":true,"href":"https:\/\/dgospel.com.br\/portal\/index.php\/wp-json\/wp\/v2\/comments?post=11956"}],"version-history":[{"count":1,"href":"https:\/\/dgospel.com.br\/portal\/index.php\/wp-json\/wp\/v2\/posts\/11956\/revisions"}],"predecessor-version":[{"id":11958,"href":"https:\/\/dgospel.com.br\/portal\/index.php\/wp-json\/wp\/v2\/posts\/11956\/revisions\/11958"}],"wp:featuredmedia":[{"embeddable":true,"href":"https:\/\/dgospel.com.br\/portal\/index.php\/wp-json\/wp\/v2\/media\/11957"}],"wp:attachment":[{"href":"https:\/\/dgospel.com.br\/portal\/index.php\/wp-json\/wp\/v2\/media?parent=11956"}],"wp:term":[{"taxonomy":"category","embeddable":true,"href":"https:\/\/dgospel.com.br\/portal\/index.php\/wp-json\/wp\/v2\/categories?post=11956"},{"taxonomy":"post_tag","embeddable":true,"href":"https:\/\/dgospel.com.br\/portal\/index.php\/wp-json\/wp\/v2\/tags?post=11956"}],"curies":[{"name":"wp","href":"https:\/\/api.w.org\/{rel}","templated":true}]}}