{"id":11968,"date":"2022-07-27T16:43:47","date_gmt":"2022-07-27T19:43:47","guid":{"rendered":"http:\/\/dgospel.com.br\/portal\/?p=11968"},"modified":"2022-07-27T16:43:48","modified_gmt":"2022-07-27T19:43:48","slug":"pf-volta-a-buscar-ligacao-entre-adelio-e-pcc-afirma-colunista","status":"publish","type":"post","link":"https:\/\/dgospel.com.br\/portal\/index.php\/2022\/07\/27\/pf-volta-a-buscar-ligacao-entre-adelio-e-pcc-afirma-colunista\/","title":{"rendered":"PF volta a buscar liga\u00e7\u00e3o entre Ad\u00e9lio e PCC, afirma colunista"},"content":{"rendered":"\n<p>A&nbsp;<a href=\"http:\/\/pleno.news\/tag\/policia-federal\" target=\"_blank\" rel=\"noreferrer noopener\">Pol\u00edcia Federal<\/a>&nbsp;(PF) voltou a considerar a hip\u00f3tese de que exista uma rela\u00e7\u00e3o entre&nbsp;<a href=\"http:\/\/pleno.news\/tag\/adelio-bispo\" target=\"_blank\" rel=\"noreferrer noopener\">Ad\u00e9lio Bispo<\/a>, autor da facada contra o presidente Jair Bolsonaro em 2018, e a fac\u00e7\u00e3o criminosa Primeiro Comando da Capital (PCC). A informa\u00e7\u00e3o foi divulgada pelo colunista Rodrigo Rangel, do site Metr\u00f3poles, nesta quarta-feira (27).<\/p>\n\n\n\n<p>A possibilidade voltou a ser cogitada a partir da reabertura das investiga\u00e7\u00f5es sobre o atentado contra Bolsonaro. Em dezembro do ano passado, o delegado Rodrigo Morais, que era encarregado pelo caso, foi nomeado pelo ent\u00e3o diretor-geral da PF, Paulo Maiurino, para passar uma temporada de dois anos em Nova Iorque.<\/p>\n\n\n\n<p>Al\u00e9m disso, a sa\u00edda de Morais do caso coincidiu com uma decis\u00e3o do Tribunal Regional Federal da 1\u00aa Regi\u00e3o (TRF-1) de autorizar que a PF vasculhasse os telefones celulares apreendidos com os advogados que assumiram a defesa de Ad\u00e9lio Bispo. A delibera\u00e7\u00e3o atendeu a um pedido de Frederick Wassef, advogado de Bolsonaro.<\/p>\n\n\n\n<p>Antes disso, os policiais estavam impedidos de periciar os celulares em raz\u00e3o de uma liminar obtida pela Ordem dos Advogados do Brasil (OAB). Com a libera\u00e7\u00e3o da per\u00edcia nos aparelhos, a PF reabriu o caso e o repassou ao delegado Martin Bottaro Purper, um dos maiores especialistas em PCC dentro da Pol\u00edcia Federal.<\/p>\n\n\n\n<p>Al\u00e9m da troca de delegado, a investiga\u00e7\u00e3o tamb\u00e9m deixou de ser feita na superintend\u00eancia da corpora\u00e7\u00e3o em Minas Gerais, que foi onde o crime aconteceu, e passou a ser conduzida sob a estrutura da Diretoria de Intelig\u00eancia Policial, a DIP, em Bras\u00edlia.<\/p>\n\n\n\n<p>De acordo com o colunista Rodrigo Rangel, fontes teriam informado, sob reserva, que a hip\u00f3tese de liga\u00e7\u00e3o de Ad\u00e9lio com o PCC voltou a ser considerada a partir de registros localizados no telefone celular de um dos advogados do autor do atentado contra Bolsonaro.<\/p>\n\n\n\n<p>Em um dos registros, um dos advogados teria ligado o nome de Ad\u00e9lio ao PCC. No entanto, n\u00e3o se saberia exatamente em qual contexto isso teria acontecido, nem se o registro poderia ser apenas uma piada. A liga\u00e7\u00e3o, por\u00e9m, foi suficiente para que a nova equipe passasse a considerar a hip\u00f3tese.<\/p>\n\n\n\n<p>A possibilidade de uma rela\u00e7\u00e3o do PCC com a facada no presidente Jair Bolsonaro surgiu pela primeira vez logo ap\u00f3s o atentado, a partir da constata\u00e7\u00e3o de que ao menos um dos advogados da equipe que se apresentou para defender Ad\u00e9lio tamb\u00e9m atende integrantes da fac\u00e7\u00e3o criminosa.<\/p>\n","protected":false},"excerpt":{"rendered":"<p>A&nbsp;Pol\u00edcia Federal&nbsp;(PF) voltou a considerar a hip\u00f3tese de que exista uma rela\u00e7\u00e3o entre&nbsp;Ad\u00e9lio Bispo, autor da facada contra o presidente Jair Bolsonaro em 2018, e a fac\u00e7\u00e3o criminosa Primeiro Comando da Capital (PCC). A informa\u00e7\u00e3o foi divulgada pelo colunista Rodrigo Rangel, do site Metr\u00f3poles, nesta quarta-feira (27). A possibilidade voltou a ser cogitada a partir [&hellip;]<\/p>\n","protected":false},"author":2,"featured_media":11969,"comment_status":"open","ping_status":"open","sticky":false,"template":"","format":"standard","meta":[],"categories":[10],"tags":[],"_links":{"self":[{"href":"https:\/\/dgospel.com.br\/portal\/index.php\/wp-json\/wp\/v2\/posts\/11968"}],"collection":[{"href":"https:\/\/dgospel.com.br\/portal\/index.php\/wp-json\/wp\/v2\/posts"}],"about":[{"href":"https:\/\/dgospel.com.br\/portal\/index.php\/wp-json\/wp\/v2\/types\/post"}],"author":[{"embeddable":true,"href":"https:\/\/dgospel.com.br\/portal\/index.php\/wp-json\/wp\/v2\/users\/2"}],"replies":[{"embeddable":true,"href":"https:\/\/dgospel.com.br\/portal\/index.php\/wp-json\/wp\/v2\/comments?post=11968"}],"version-history":[{"count":1,"href":"https:\/\/dgospel.com.br\/portal\/index.php\/wp-json\/wp\/v2\/posts\/11968\/revisions"}],"predecessor-version":[{"id":11970,"href":"https:\/\/dgospel.com.br\/portal\/index.php\/wp-json\/wp\/v2\/posts\/11968\/revisions\/11970"}],"wp:featuredmedia":[{"embeddable":true,"href":"https:\/\/dgospel.com.br\/portal\/index.php\/wp-json\/wp\/v2\/media\/11969"}],"wp:attachment":[{"href":"https:\/\/dgospel.com.br\/portal\/index.php\/wp-json\/wp\/v2\/media?parent=11968"}],"wp:term":[{"taxonomy":"category","embeddable":true,"href":"https:\/\/dgospel.com.br\/portal\/index.php\/wp-json\/wp\/v2\/categories?post=11968"},{"taxonomy":"post_tag","embeddable":true,"href":"https:\/\/dgospel.com.br\/portal\/index.php\/wp-json\/wp\/v2\/tags?post=11968"}],"curies":[{"name":"wp","href":"https:\/\/api.w.org\/{rel}","templated":true}]}}