{"id":11976,"date":"2022-07-29T09:15:54","date_gmt":"2022-07-29T12:15:54","guid":{"rendered":"http:\/\/dgospel.com.br\/portal\/?p=11976"},"modified":"2022-07-29T09:15:55","modified_gmt":"2022-07-29T12:15:55","slug":"laurez-moreira-e-confirmado-pre-candidato-a-vice-governador-na-chapa-com-wanderlei-barbosa-e-professora-dorinha","status":"publish","type":"post","link":"https:\/\/dgospel.com.br\/portal\/index.php\/2022\/07\/29\/laurez-moreira-e-confirmado-pre-candidato-a-vice-governador-na-chapa-com-wanderlei-barbosa-e-professora-dorinha\/","title":{"rendered":"Laurez Moreira \u00e9 confirmado pr\u00e9-candidato a vice-governador na chapa com Wanderlei Barbosa e professora Dorinha"},"content":{"rendered":"\n<p>A noite desta quarta-feira, 27, ficou marcada pelo encontro de milhares de tocantinenses. O espa\u00e7o reservado para o evento ficou pequeno para a formaliza\u00e7\u00e3o da \u201cAlian\u00e7a pelo bem do Tocantins\u201d, como muitos definiram. Com a presen\u00e7a de grandes lideran\u00e7as de todo o estado, Laurez Moreira (PDT) foi apresentado como pr\u00e9-candidato a vice-governador, ao lado do governador e pr\u00e9-candidato \u00e0 reelei\u00e7\u00e3o, Wanderlei Barbosa (Republicanos) e da deputada federal e pr\u00e9-candidata ao senado, professora Dorinha (Uni\u00e3o Brasil). Juntos oficializaram o desejo de caminhar lado a lado em prol do Tocantins.<\/p>\n\n\n\n<p>O governador Wanderlei Barbosa falou da escolha de Laurez para compor a sua chapa e afirmou que a experi\u00eancia de gest\u00e3o de Laurez ser\u00e1 exemplo: \u201cAmigos e amigas de Gurupi e de todo o Tocantins. Hoje, esse grande amigo, esse l\u00edder, se junta a n\u00f3s neste grande projeto. Voc\u00ea, Laurez, n\u00e3o ser\u00e1 um vice que ficar\u00e1 largado para l\u00e1. Voc\u00ea est\u00e1 aqui porque tem uma grande hist\u00f3ria. Voc\u00ea ser\u00e1 um conselheiro do nosso governo, administrar\u00e1 esse estado junto comigo. Eu n\u00e3o preciso de um vice que n\u00e3o seja \u00fatil \u00e0 sociedade. Ningu\u00e9m abandona ou ignora a sua hist\u00f3ria aqui com Gurupi, com Duer\u00e9; a hist\u00f3ria que voc\u00ea construiu como deputado federal e estadual; \u00e9 essa hist\u00f3ria que n\u00f3s queremos aproveitar; \u00e9 esse legado que n\u00f3s levaremos \u00e0s ruas do Tocantins. Andaremos juntos, unidos, lado a lado. \u00c9 dessa forma que iremos trabalhar, dessa maneira que n\u00f3s vamos mostrar aos tocantinenses o carinho que temos por eles\u201d, declarou.<\/p>\n\n\n\n<p>A professora Dorinha, em sua fala, ressaltou a trajet\u00f3ria de trabalho de Laurez no Tocantins e a import\u00e2ncia desta alian\u00e7a para o tocantinense: \u201cHoje Laurez, se junta a um projeto, que n\u00e3o \u00e9 um projeto de poder; \u00e9 de trabalho, de respeito e de dignidade. Laurez, n\u00f3s sabemos que voc\u00ea ser\u00e1 um bra\u00e7o forte junto ao nosso governador Wanderlei Barbosa, cuidando do povo do Tocantins. Voc\u00ea, que aqui traz na sua hist\u00f3ria de muito trabalho, e acima de tudo dedica\u00e7\u00e3o aos tocantinenses. \u00c9 muito bom caminhar com gente s\u00e9ria e que sabe o que fazer. Contem comigo e com meu trabalho\u201d, afirmou.<\/p>\n\n\n\n<p><\/p>\n\n\n\n<figure class=\"wp-block-image size-large\"><img loading=\"lazy\" width=\"1024\" height=\"682\" src=\"http:\/\/dgospel.com.br\/portal\/wp-content\/uploads\/2022\/07\/000000-1-1-1024x682.jpeg\" alt=\"\" class=\"wp-image-11979\" srcset=\"https:\/\/dgospel.com.br\/portal\/wp-content\/uploads\/2022\/07\/000000-1-1-1024x682.jpeg 1024w, https:\/\/dgospel.com.br\/portal\/wp-content\/uploads\/2022\/07\/000000-1-1-300x200.jpeg 300w, https:\/\/dgospel.com.br\/portal\/wp-content\/uploads\/2022\/07\/000000-1-1-768x512.jpeg 768w, https:\/\/dgospel.com.br\/portal\/wp-content\/uploads\/2022\/07\/000000-1-1.jpeg 1280w\" sizes=\"(max-width: 1024px) 100vw, 1024px\" \/><\/figure>\n\n\n\n<p>&nbsp;<br>O presidente nacional do PDT, Carlos Lupi, que veio ao Tocantins prestigiar o grande encontro, declarou que a chapa est\u00e1 fadada \u00e0 vit\u00f3ria e parabenizou o governador Wanderlei Barbosa pela composi\u00e7\u00e3o: \u201cVoc\u00ea escolheu um prefeito, que na minha opini\u00e3o \u00e9 o melhor prefeito da hist\u00f3ria do interior do Tocantins, que \u00e9 o meu companheiro, amigo Laurez. Junta a tua experi\u00eancia com a do Laurez, prefeito exitoso, e com uma mulher, que \u00e9 a Dorinha, que tem a representatividade da capital Palmas. Voc\u00ea uniu o que h\u00e1 de melhor no estado do Tocantins, os melhores partidos, as melhores personalidades. Wanderlei, governador; Laurez, vice; e Dorinha, senadora. Voc\u00eas v\u00e3o dar o exemplo do Brasil que d\u00e1 certo; trabalhador, que nos sustenta com alimento; do Brasil que \u00e9 refer\u00eancia. Muito obrigado por me permitir entrar nesse palanque, por fazer essa alian\u00e7a com um companheiro que eu tenho uma confian\u00e7a absoluta. Voc\u00ea tem um aliado\u201d, assegurou.<\/p>\n\n\n\n<p>O presidente do PDT no Tocantins, Laurez Moreira, que chegou ao local do lan\u00e7amento carregado pela multid\u00e3o, agradeceu de forma especial \u00e0 popula\u00e7\u00e3o gurupiense e a todos os demais tocantinenses. Ele lembrou, ainda, a import\u00e2ncia do presidente nacional do PDT, Carlos Lupi, na forma\u00e7\u00e3o dessa alian\u00e7a, pela confian\u00e7a que depositou em seu nome. Laurez reafirmou ter certeza de que ali estava se formando um grande time: \u201cEu tenho a certeza de que essa composi\u00e7\u00e3o \u00e9 o melhor caminho para o nosso estado. Wanderlei e Dorinha, juntos, vamos continuar essa luta por um Tocantins melhor. Trago a garra e a esperan\u00e7a de todas as pessoas que fazem este estado comigo. \u00c9 por elas que quero continuar cumprindo essa miss\u00e3o de mudar para melhor o destino de todos os tocantinenses\u201d, disse.<\/p>\n\n\n\n<p>Diversas autoridades e figuras p\u00fablicas tocantinenses abrilhantaram a oficializa\u00e7\u00e3o da chapa majorit\u00e1ria, dentre elas: o ex-governador do Tocantins, Raimundo Boi; o ex-senador, Leomar Quintanilha; o presidente da Assembleia Legislativa do Tocantins, Ant\u00f4nio Andrade e demais deputados estaduais; o presidente da C\u00e2mara Municipal de Gurupi, Rodrigo Maciel e demais vereadores; e cerca de 30 prefeitos e mais de 300 vereadores de diversos munic\u00edpios tocantinenses. Tamb\u00e9m participaram os pr\u00e9-candidatos a deputado federal e estadual dos partidos PDT, Republicanos e Uni\u00e3o Brasil no Tocantins.<\/p>\n\n\n\n<p><\/p>\n\n\n\n<p>Agora, Laurez se volta para a organiza\u00e7\u00e3o da conven\u00e7\u00e3o do PDT\/To, que acontece no pr\u00f3ximo dia 05 de agosto, em Palmas.<\/p>\n","protected":false},"excerpt":{"rendered":"<p>A noite desta quarta-feira, 27, ficou marcada pelo encontro de milhares de tocantinenses. O espa\u00e7o reservado para o evento ficou pequeno para a formaliza\u00e7\u00e3o da \u201cAlian\u00e7a pelo bem do Tocantins\u201d, como muitos definiram. Com a presen\u00e7a de grandes lideran\u00e7as de todo o estado, Laurez Moreira (PDT) foi apresentado como pr\u00e9-candidato a vice-governador, ao lado do [&hellip;]<\/p>\n","protected":false},"author":2,"featured_media":11977,"comment_status":"open","ping_status":"open","sticky":false,"template":"","format":"standard","meta":[],"categories":[4],"tags":[13],"_links":{"self":[{"href":"https:\/\/dgospel.com.br\/portal\/index.php\/wp-json\/wp\/v2\/posts\/11976"}],"collection":[{"href":"https:\/\/dgospel.com.br\/portal\/index.php\/wp-json\/wp\/v2\/posts"}],"about":[{"href":"https:\/\/dgospel.com.br\/portal\/index.php\/wp-json\/wp\/v2\/types\/post"}],"author":[{"embeddable":true,"href":"https:\/\/dgospel.com.br\/portal\/index.php\/wp-json\/wp\/v2\/users\/2"}],"replies":[{"embeddable":true,"href":"https:\/\/dgospel.com.br\/portal\/index.php\/wp-json\/wp\/v2\/comments?post=11976"}],"version-history":[{"count":1,"href":"https:\/\/dgospel.com.br\/portal\/index.php\/wp-json\/wp\/v2\/posts\/11976\/revisions"}],"predecessor-version":[{"id":11980,"href":"https:\/\/dgospel.com.br\/portal\/index.php\/wp-json\/wp\/v2\/posts\/11976\/revisions\/11980"}],"wp:featuredmedia":[{"embeddable":true,"href":"https:\/\/dgospel.com.br\/portal\/index.php\/wp-json\/wp\/v2\/media\/11977"}],"wp:attachment":[{"href":"https:\/\/dgospel.com.br\/portal\/index.php\/wp-json\/wp\/v2\/media?parent=11976"}],"wp:term":[{"taxonomy":"category","embeddable":true,"href":"https:\/\/dgospel.com.br\/portal\/index.php\/wp-json\/wp\/v2\/categories?post=11976"},{"taxonomy":"post_tag","embeddable":true,"href":"https:\/\/dgospel.com.br\/portal\/index.php\/wp-json\/wp\/v2\/tags?post=11976"}],"curies":[{"name":"wp","href":"https:\/\/api.w.org\/{rel}","templated":true}]}}