{"id":11987,"date":"2022-07-30T09:07:04","date_gmt":"2022-07-30T12:07:04","guid":{"rendered":"http:\/\/dgospel.com.br\/portal\/?p=11987"},"modified":"2022-07-30T09:07:05","modified_gmt":"2022-07-30T12:07:05","slug":"vice-de-lula-alckmin-responde-a-processo-movido-pelo-pt","status":"publish","type":"post","link":"https:\/\/dgospel.com.br\/portal\/index.php\/2022\/07\/30\/vice-de-lula-alckmin-responde-a-processo-movido-pelo-pt\/","title":{"rendered":"Vice de Lula, Alckmin responde a processo movido pelo PT"},"content":{"rendered":"\n<p>Escolhido vice-presidente na chapa de Luiz In\u00e1cio Lula da Silva (PT), Geraldo Alckmin (PSB) responde at\u00e9 os dias atuais um processo movido pelo PT, legenda da qual agora \u00e9 aliado, na Justi\u00e7a. A a\u00e7\u00e3o foi movida em mar\u00e7o de 2018 por 13 deputados da bancada petista na Assembleia Legislativa de S\u00e3o Paulo. A informa\u00e7\u00e3o \u00e9 do colunista F\u00e1bio Leite, do portal Metr\u00f3poles.<\/p>\n\n\n\n<p>\u00c0quela altura, Alckmin estava deixando o governo do estado para concorrer \u00e0 Presid\u00eancia da Rep\u00fablica ainda pelo PSDB \u2013 a filia\u00e7\u00e3o ao PSB ocorreu em mar\u00e7o deste ano. Os parlamentares responsabilizavam o ent\u00e3o tucano por supostos preju\u00edzos causados pela concess\u00e3o de duas linhas de metr\u00f4 \u00e0 iniciativa privada.<\/p>\n\n\n\n<p>A a\u00e7\u00e3o questionava o lance m\u00ednimo proposto pelo governo paulista na concorr\u00eancia, que representava menos de 1% dos R$ 22 bilh\u00f5es investidos no empreendimento, e o fato de a concess\u00e3o ter sido feita por meio de decreto, sem aprova\u00e7\u00e3o pr\u00e9via da Assembleia.<\/p>\n\n\n\n<p>Em fevereiro de 2020, a defesa de Alckmin alegou n\u00e3o haver ilegalidade ou preju\u00edzo na concess\u00e3o e que os petistas utilizaram \u201cmetodologia equivocada\u201d e \u201cargumento falacioso\u201d no processo, que at\u00e9 o momento n\u00e3o foi julgado.<\/p>\n\n\n\n<p><strong>PANOS QUENTES<\/strong><br>A mudan\u00e7a de cen\u00e1rio, que levou Alckmin \u00e0 mesma chapa de seu ex-rival Lula, j\u00e1 reflete no discurso dos pol\u00edticos que antes eram advers\u00e1rios. Um dos autores da a\u00e7\u00e3o, o deputado petista Alencar Santana relevou as diverg\u00eancias do passado e, agora, elogia o \u201cvi\u00e9s democr\u00e1tico\u201d do novo aliado.<\/p>\n\n\n\n<p>\u2013 Isso passou. O que est\u00e1 em jogo \u00e9 a democracia. Pod\u00edamos ter diverg\u00eancias pol\u00edticas sobre algumas a\u00e7\u00f5es do governo, como essa concess\u00e3o que n\u00f3s entend\u00edamos que tinha um problema legal. Mas temos que admitir que o governo Alckmin tamb\u00e9m era um governo de vi\u00e9s democr\u00e1tico \u2013 disse Santana ao colunista.<\/p>\n\n\n\n<p>Ex-tucano, Alckmin se filiou ao PSB e, a partir da conven\u00e7\u00e3o que a legenda promoveu nesta sexta-feira (29), est\u00e1 oficialmente nomeado como vice na chapa presidencial do petista Luiz In\u00e1cio Lula da Silva.<\/p>\n","protected":false},"excerpt":{"rendered":"<p>Escolhido vice-presidente na chapa de Luiz In\u00e1cio Lula da Silva (PT), Geraldo Alckmin (PSB) responde at\u00e9 os dias atuais um processo movido pelo PT, legenda da qual agora \u00e9 aliado, na Justi\u00e7a. A a\u00e7\u00e3o foi movida em mar\u00e7o de 2018 por 13 deputados da bancada petista na Assembleia Legislativa de S\u00e3o Paulo. A informa\u00e7\u00e3o \u00e9 [&hellip;]<\/p>\n","protected":false},"author":2,"featured_media":11988,"comment_status":"open","ping_status":"open","sticky":false,"template":"","format":"standard","meta":[],"categories":[4],"tags":[],"_links":{"self":[{"href":"https:\/\/dgospel.com.br\/portal\/index.php\/wp-json\/wp\/v2\/posts\/11987"}],"collection":[{"href":"https:\/\/dgospel.com.br\/portal\/index.php\/wp-json\/wp\/v2\/posts"}],"about":[{"href":"https:\/\/dgospel.com.br\/portal\/index.php\/wp-json\/wp\/v2\/types\/post"}],"author":[{"embeddable":true,"href":"https:\/\/dgospel.com.br\/portal\/index.php\/wp-json\/wp\/v2\/users\/2"}],"replies":[{"embeddable":true,"href":"https:\/\/dgospel.com.br\/portal\/index.php\/wp-json\/wp\/v2\/comments?post=11987"}],"version-history":[{"count":1,"href":"https:\/\/dgospel.com.br\/portal\/index.php\/wp-json\/wp\/v2\/posts\/11987\/revisions"}],"predecessor-version":[{"id":11989,"href":"https:\/\/dgospel.com.br\/portal\/index.php\/wp-json\/wp\/v2\/posts\/11987\/revisions\/11989"}],"wp:featuredmedia":[{"embeddable":true,"href":"https:\/\/dgospel.com.br\/portal\/index.php\/wp-json\/wp\/v2\/media\/11988"}],"wp:attachment":[{"href":"https:\/\/dgospel.com.br\/portal\/index.php\/wp-json\/wp\/v2\/media?parent=11987"}],"wp:term":[{"taxonomy":"category","embeddable":true,"href":"https:\/\/dgospel.com.br\/portal\/index.php\/wp-json\/wp\/v2\/categories?post=11987"},{"taxonomy":"post_tag","embeddable":true,"href":"https:\/\/dgospel.com.br\/portal\/index.php\/wp-json\/wp\/v2\/tags?post=11987"}],"curies":[{"name":"wp","href":"https:\/\/api.w.org\/{rel}","templated":true}]}}