{"id":11990,"date":"2022-07-30T09:13:36","date_gmt":"2022-07-30T12:13:36","guid":{"rendered":"http:\/\/dgospel.com.br\/portal\/?p=11990"},"modified":"2022-07-30T09:13:37","modified_gmt":"2022-07-30T12:13:37","slug":"desemprego-cai-para-93-no-brasil-e-tem-menor-taxa-em-sete-anos","status":"publish","type":"post","link":"https:\/\/dgospel.com.br\/portal\/index.php\/2022\/07\/30\/desemprego-cai-para-93-no-brasil-e-tem-menor-taxa-em-sete-anos\/","title":{"rendered":"Desemprego cai para 9,3% no Brasil e tem menor taxa em sete anos"},"content":{"rendered":"\n<p>A taxa de desocupa\u00e7\u00e3o no\u00a0<a rel=\"noreferrer noopener\" href=\"http:\/\/pleno.news\/tag\/brasil\" target=\"_blank\">Brasil<\/a>\u00a0ficou em 9,3% no trimestre encerrado em junho deste ano, de acordo com os dados mensais da Pesquisa Nacional por Amostra de Domic\u00edlios Cont\u00ednua (Pnad Cont\u00ednua) divulgados na manh\u00e3 desta sexta-feira (29) pelo Instituto Brasileiro de Geografia e Estat\u00edstica (<a rel=\"noreferrer noopener\" href=\"http:\/\/pleno.news\/tag\/ibge\" target=\"_blank\">IBGE<\/a>).<\/p>\n\n\n\n<p>O resultado apresentado nesta sexta indica que esse \u00e9 o menor patamar para o per\u00edodo desde 2015, quando a taxa ficou em 8,4%. O n\u00famero de desempregados, por sua vez, recuou 15,6% em rela\u00e7\u00e3o ao trimestre anterior, chegando a 10,1 milh\u00f5es de pessoas. Isso representa 1,9 milh\u00e3o de pessoas a menos em busca por trabalho no pa\u00eds.<\/p>\n\n\n\n<p>Em igual per\u00edodo de 2021, a taxa de desemprego medida pela Pnad Cont\u00ednua estava em 14,2%. No trimestre m\u00f3vel at\u00e9 maio, a taxa de desocupa\u00e7\u00e3o estava em 9,8%. A renda m\u00e9dia real do trabalhador foi de R$ 2.652 no segundo trimestre. O resultado representa queda de 5,1% em rela\u00e7\u00e3o ao segundo trimestre de 2021.<\/p>\n\n\n\n<p>A popula\u00e7\u00e3o ocupada, por outro lado, \u00e9 a maior desde o in\u00edcio da s\u00e9rie hist\u00f3rica da pesquisa, em 2012. Esse contingente foi estimado em 98,3 milh\u00f5es, uma alta de 3,1% frente ao trimestre anterior. S\u00e3o 3 milh\u00f5es de pessoas a mais no mercado de trabalho, sendo 1,1 milh\u00e3o na informalidade. Na compara\u00e7\u00e3o com o mesmo per\u00edodo de 2021, a alta \u00e9 de 8,9 milh\u00f5es de trabalhadores.<\/p>\n\n\n\n<p>*Com informa\u00e7\u00f5es AE<\/p>\n","protected":false},"excerpt":{"rendered":"<p>A taxa de desocupa\u00e7\u00e3o no\u00a0Brasil\u00a0ficou em 9,3% no trimestre encerrado em junho deste ano, de acordo com os dados mensais da Pesquisa Nacional por Amostra de Domic\u00edlios Cont\u00ednua (Pnad Cont\u00ednua) divulgados na manh\u00e3 desta sexta-feira (29) pelo Instituto Brasileiro de Geografia e Estat\u00edstica (IBGE). O resultado apresentado nesta sexta indica que esse \u00e9 o menor [&hellip;]<\/p>\n","protected":false},"author":2,"featured_media":11991,"comment_status":"open","ping_status":"open","sticky":false,"template":"","format":"standard","meta":[],"categories":[4],"tags":[],"_links":{"self":[{"href":"https:\/\/dgospel.com.br\/portal\/index.php\/wp-json\/wp\/v2\/posts\/11990"}],"collection":[{"href":"https:\/\/dgospel.com.br\/portal\/index.php\/wp-json\/wp\/v2\/posts"}],"about":[{"href":"https:\/\/dgospel.com.br\/portal\/index.php\/wp-json\/wp\/v2\/types\/post"}],"author":[{"embeddable":true,"href":"https:\/\/dgospel.com.br\/portal\/index.php\/wp-json\/wp\/v2\/users\/2"}],"replies":[{"embeddable":true,"href":"https:\/\/dgospel.com.br\/portal\/index.php\/wp-json\/wp\/v2\/comments?post=11990"}],"version-history":[{"count":1,"href":"https:\/\/dgospel.com.br\/portal\/index.php\/wp-json\/wp\/v2\/posts\/11990\/revisions"}],"predecessor-version":[{"id":11992,"href":"https:\/\/dgospel.com.br\/portal\/index.php\/wp-json\/wp\/v2\/posts\/11990\/revisions\/11992"}],"wp:featuredmedia":[{"embeddable":true,"href":"https:\/\/dgospel.com.br\/portal\/index.php\/wp-json\/wp\/v2\/media\/11991"}],"wp:attachment":[{"href":"https:\/\/dgospel.com.br\/portal\/index.php\/wp-json\/wp\/v2\/media?parent=11990"}],"wp:term":[{"taxonomy":"category","embeddable":true,"href":"https:\/\/dgospel.com.br\/portal\/index.php\/wp-json\/wp\/v2\/categories?post=11990"},{"taxonomy":"post_tag","embeddable":true,"href":"https:\/\/dgospel.com.br\/portal\/index.php\/wp-json\/wp\/v2\/tags?post=11990"}],"curies":[{"name":"wp","href":"https:\/\/api.w.org\/{rel}","templated":true}]}}