{"id":11996,"date":"2022-07-30T09:56:39","date_gmt":"2022-07-30T12:56:39","guid":{"rendered":"http:\/\/dgospel.com.br\/portal\/?p=11996"},"modified":"2022-07-30T09:56:40","modified_gmt":"2022-07-30T12:56:40","slug":"marcha-para-jesus-chega-em-agosto-ao-rio-de-janeiro","status":"publish","type":"post","link":"https:\/\/dgospel.com.br\/portal\/index.php\/2022\/07\/30\/marcha-para-jesus-chega-em-agosto-ao-rio-de-janeiro\/","title":{"rendered":"MARCHA PARA JESUS CHEGA EM AGOSTO AO RIO DE JANEIRO"},"content":{"rendered":"\n<p>Ap\u00f3s percorrer capitais como Vit\u00f3ria, Natal e S\u00e3o Paulo, a&nbsp;<a href=\"https:\/\/marchaparajesusrio.com.br\/\"><strong>Marcha Para Jesus<\/strong><\/a>&nbsp;j\u00e1 tem data marcada para percorrer o Rio de Janeiro: 13 de agosto (s\u00e1bado). A concentra\u00e7\u00e3o est\u00e1 marcada para \u00e0s 14h, na Avenida Presidente Vargas, no Centro do Rio, e o percurso seguir\u00e1 at\u00e9 a Pra\u00e7a da Apoteose, onde ocorrer\u00e3o v\u00e1rios shows com grandes nomes da m\u00fasica gospel.<\/p>\n\n\n\n<p>Os artistas confirmados s\u00e3o: Anderson Freire, Theo Rubia, Lukas Agustinho, Gabriela Gomes, Tom Molinari, Minist\u00e9rio Nova Jerusal\u00e9m, Apascentar Music, Comunidade Evang\u00e9lica Internacional da Zona Sul, Midian Lima, Samuel Messias, Marcus Salles, Renascer Praise, Minist\u00e9rio Sarando a Terra Ferida, Central 3, Lagoinha Worship e Projeto Vida Nova de Iraj\u00e1. Al\u00e9m disso, v\u00e1rias lideran\u00e7as evang\u00e9licas estar\u00e3o no palco em momentos de intercess\u00e3o pelo pa\u00eds.<\/p>\n\n\n\n<p>A Marcha Para Jesus \u00e9 promovida pelo Conselho de Ministros do Estado do Rio de Janeiro (Comerj). Presidente do conselho, o pastor Cl\u00e1udio Duarte v\u00ea o evento como um grande desafio , mas, ao mesmo tempo, gratificante.<\/p>\n\n\n\n<p>&#8211; Poder voltar com a Marcha ap\u00f3s a interrup\u00e7\u00e3o por causa da pandemia \u00e9 muito gratificante. Tenho expectativas que uma multid\u00e3o vai invadir a Avenida Presidente Vargas num movimento extraordin\u00e1rio. Ser\u00e1 um dia de muita alegria e un\u00e7\u00e3o e estamos trabalhando para acontecer algo inesquec\u00edvel para as pessoas &#8211; declarou o pastor.<\/p>\n\n\n\n<p>Em tempos onde a fam\u00edlia tem sido alvo de tantos ataques na sociedade, o tema escolhido para a Marcha Para Jesus, que completa 30 anos em 2022, \u00e9 \u201cFam\u00edlia! Compromisso de Todos!\u201d.<\/p>\n\n\n\n<p>&#8211; N\u00f3s precisamos lutar pelos valores e princ\u00edpios da fam\u00edlia. Todos n\u00f3s somos respons\u00e1veis pelo futuro da na\u00e7\u00e3o e do mundo e isso envolve a fam\u00edlia &#8211; declarou o presidente do COMERJ.<\/p>\n\n\n\n<p><\/p>\n","protected":false},"excerpt":{"rendered":"<p>Ap\u00f3s percorrer capitais como Vit\u00f3ria, Natal e S\u00e3o Paulo, a&nbsp;Marcha Para Jesus&nbsp;j\u00e1 tem data marcada para percorrer o Rio de Janeiro: 13 de agosto (s\u00e1bado). A concentra\u00e7\u00e3o est\u00e1 marcada para \u00e0s 14h, na Avenida Presidente Vargas, no Centro do Rio, e o percurso seguir\u00e1 at\u00e9 a Pra\u00e7a da Apoteose, onde ocorrer\u00e3o v\u00e1rios shows com grandes [&hellip;]<\/p>\n","protected":false},"author":2,"featured_media":11997,"comment_status":"open","ping_status":"open","sticky":false,"template":"","format":"standard","meta":[],"categories":[5],"tags":[],"_links":{"self":[{"href":"https:\/\/dgospel.com.br\/portal\/index.php\/wp-json\/wp\/v2\/posts\/11996"}],"collection":[{"href":"https:\/\/dgospel.com.br\/portal\/index.php\/wp-json\/wp\/v2\/posts"}],"about":[{"href":"https:\/\/dgospel.com.br\/portal\/index.php\/wp-json\/wp\/v2\/types\/post"}],"author":[{"embeddable":true,"href":"https:\/\/dgospel.com.br\/portal\/index.php\/wp-json\/wp\/v2\/users\/2"}],"replies":[{"embeddable":true,"href":"https:\/\/dgospel.com.br\/portal\/index.php\/wp-json\/wp\/v2\/comments?post=11996"}],"version-history":[{"count":1,"href":"https:\/\/dgospel.com.br\/portal\/index.php\/wp-json\/wp\/v2\/posts\/11996\/revisions"}],"predecessor-version":[{"id":11998,"href":"https:\/\/dgospel.com.br\/portal\/index.php\/wp-json\/wp\/v2\/posts\/11996\/revisions\/11998"}],"wp:featuredmedia":[{"embeddable":true,"href":"https:\/\/dgospel.com.br\/portal\/index.php\/wp-json\/wp\/v2\/media\/11997"}],"wp:attachment":[{"href":"https:\/\/dgospel.com.br\/portal\/index.php\/wp-json\/wp\/v2\/media?parent=11996"}],"wp:term":[{"taxonomy":"category","embeddable":true,"href":"https:\/\/dgospel.com.br\/portal\/index.php\/wp-json\/wp\/v2\/categories?post=11996"},{"taxonomy":"post_tag","embeddable":true,"href":"https:\/\/dgospel.com.br\/portal\/index.php\/wp-json\/wp\/v2\/tags?post=11996"}],"curies":[{"name":"wp","href":"https:\/\/api.w.org\/{rel}","templated":true}]}}