{"id":11999,"date":"2022-08-01T09:16:42","date_gmt":"2022-08-01T12:16:42","guid":{"rendered":"http:\/\/dgospel.com.br\/portal\/?p=11999"},"modified":"2022-08-01T09:16:43","modified_gmt":"2022-08-01T12:16:43","slug":"advogados-fazem-manifesto-em-defesa-de-bolsonaro-e-liberdade","status":"publish","type":"post","link":"https:\/\/dgospel.com.br\/portal\/index.php\/2022\/08\/01\/advogados-fazem-manifesto-em-defesa-de-bolsonaro-e-liberdade\/","title":{"rendered":"Advogados fazem manifesto em defesa de Bolsonaro e liberdade"},"content":{"rendered":"\n<p>Um grupo de advogados conservadores fez um manifesto \u201cem defesa do Brasil\u201d, das \u201cliberdades do povo\u201d e do presidente Jair Bolsonaro (PL) nesta quinta-feira (28), um dia ap\u00f3s ser publicada a\u00a0<a rel=\"noreferrer noopener\" href=\"https:\/\/pleno.news\/brasil\/politica-nacional\/bolsonaro-nao-precisamos-de-cartinha-em-prol-da-democracia.html\" target=\"_blank\">Carta Pela Democracia<\/a>. O abaixo-assinado, que foi\u00a0<a rel=\"noreferrer noopener\" href=\"https:\/\/www.change.org\/p\/manifesto-%C3%A0-na%C3%A7%C3%A3o-brasileira-defesa-das-liberdades\" target=\"_blank\">publicado na plataforma change.org<\/a>\u00a0e j\u00e1 re\u00fane centenas de milhares de assinaturas, assinala que \u201csem liberdade n\u00e3o h\u00e1 democracia\u201d.<\/p>\n\n\n\n<p>\u2013 N\u00f3s, o povo brasileiro, na defesa do Brasil e das Liberdades do Povo, pelo Povo e para o Povo, e, em apoio ao Presidente do Brasil Jair Messias Bolsonaro nos dirigimos \u00e0 Na\u00e7\u00e3o Brasileira, para declarar que sem liberdade n\u00e3o h\u00e1 democracia, sem justi\u00e7a n\u00e3o h\u00e1 liberdade, sem honra n\u00e3o h\u00e1 respeito, sem dever n\u00e3o h\u00e1 ordem e progresso, sem piedade n\u00e3o h\u00e1 amor e humildade e sem esperan\u00e7a iremos sucumbir \u2013 diz o texto.<\/p>\n\n\n\n<p>O manifesto prossegue denunciando o que chama de uma \u201cgrav\u00edssima tentativa da consolida\u00e7\u00e3o da \u2018ditadura do pensamento \u00fanico\u2019, que vem impondo a censura e desmonetiza\u00e7\u00e3o dos meios de comunica\u00e7\u00e3o independentes e de perfis de redes sociais de brasileiros\u201d.<\/p>\n\n\n\n<p>\u2013 Testemunhamos a instaura\u00e7\u00e3o de inqu\u00e9ritos ilegais e inconstitucionais com o simples objetivo de criminalizar a opini\u00e3o contr\u00e1ria, pelo \u00f3rg\u00e3o que deveria zelar pelos direitos fundamentais da popula\u00e7\u00e3o, abolindo nossas liberdades individuais e garantias fundamentais \u2013 acrescenta.<\/p>\n\n\n\n<p>Os signat\u00e1rios ainda afirmam ser um \u201cpovo pac\u00edfico, que ama sua na\u00e7\u00e3o, que defende a democracia e as liberdades\u201d,<\/p>\n\n\n\n<p>\u2013 N\u00e3o \u00e9 aceit\u00e1vel que um lado tente imputar a n\u00f3s, um povo livre e pac\u00edfico, a condi\u00e7\u00e3o de incentivadores de atos antidemocr\u00e1ticos e de divulgadores de fake news. A verdade \u00e9 que uma pequena parcela da popula\u00e7\u00e3o detentora de poder, n\u00e3o aceita cr\u00edticas. N\u00e3o aceita escutar a opini\u00e3o do povo, do poder supremo de uma na\u00e7\u00e3o democr\u00e1tica \u2013 pontua o manifesto.<\/p>\n\n\n\n<p>O abaixo-assinado foi publicado um dia ap\u00f3s ex-ministros do Supremo Tribunal Federal (STF), empres\u00e1rios, banqueiros e artistas assinarem uma carta, escrita por ex-docentes do curso de Direito da Universidade de S\u00e3o Paulo (USP), que defende o sistema eleitoral brasileiro e as urnas eletr\u00f4nicas.<\/p>\n\n\n\n<p>Sem citar nomes, a carta afirma que o Brasil \u201cest\u00e1 passando por um momento de imenso perigo para a normalidade democr\u00e1tica, risco \u00e0s institui\u00e7\u00f5es da Rep\u00fablica e insinua\u00e7\u00f5es de desacato ao resultado das elei\u00e7\u00f5es\u201d.<\/p>\n","protected":false},"excerpt":{"rendered":"<p>Um grupo de advogados conservadores fez um manifesto \u201cem defesa do Brasil\u201d, das \u201cliberdades do povo\u201d e do presidente Jair Bolsonaro (PL) nesta quinta-feira (28), um dia ap\u00f3s ser publicada a\u00a0Carta Pela Democracia. O abaixo-assinado, que foi\u00a0publicado na plataforma change.org\u00a0e j\u00e1 re\u00fane centenas de milhares de assinaturas, assinala que \u201csem liberdade n\u00e3o h\u00e1 democracia\u201d. \u2013 [&hellip;]<\/p>\n","protected":false},"author":2,"featured_media":12000,"comment_status":"open","ping_status":"open","sticky":false,"template":"","format":"standard","meta":[],"categories":[4],"tags":[],"_links":{"self":[{"href":"https:\/\/dgospel.com.br\/portal\/index.php\/wp-json\/wp\/v2\/posts\/11999"}],"collection":[{"href":"https:\/\/dgospel.com.br\/portal\/index.php\/wp-json\/wp\/v2\/posts"}],"about":[{"href":"https:\/\/dgospel.com.br\/portal\/index.php\/wp-json\/wp\/v2\/types\/post"}],"author":[{"embeddable":true,"href":"https:\/\/dgospel.com.br\/portal\/index.php\/wp-json\/wp\/v2\/users\/2"}],"replies":[{"embeddable":true,"href":"https:\/\/dgospel.com.br\/portal\/index.php\/wp-json\/wp\/v2\/comments?post=11999"}],"version-history":[{"count":1,"href":"https:\/\/dgospel.com.br\/portal\/index.php\/wp-json\/wp\/v2\/posts\/11999\/revisions"}],"predecessor-version":[{"id":12001,"href":"https:\/\/dgospel.com.br\/portal\/index.php\/wp-json\/wp\/v2\/posts\/11999\/revisions\/12001"}],"wp:featuredmedia":[{"embeddable":true,"href":"https:\/\/dgospel.com.br\/portal\/index.php\/wp-json\/wp\/v2\/media\/12000"}],"wp:attachment":[{"href":"https:\/\/dgospel.com.br\/portal\/index.php\/wp-json\/wp\/v2\/media?parent=11999"}],"wp:term":[{"taxonomy":"category","embeddable":true,"href":"https:\/\/dgospel.com.br\/portal\/index.php\/wp-json\/wp\/v2\/categories?post=11999"},{"taxonomy":"post_tag","embeddable":true,"href":"https:\/\/dgospel.com.br\/portal\/index.php\/wp-json\/wp\/v2\/tags?post=11999"}],"curies":[{"name":"wp","href":"https:\/\/api.w.org\/{rel}","templated":true}]}}