{"id":12005,"date":"2022-08-01T10:41:33","date_gmt":"2022-08-01T13:41:33","guid":{"rendered":"http:\/\/dgospel.com.br\/portal\/?p=12005"},"modified":"2022-08-01T10:41:34","modified_gmt":"2022-08-01T13:41:34","slug":"bolsonaro-oficializa-nomes-dos-dois-indicados-para-o-stj","status":"publish","type":"post","link":"https:\/\/dgospel.com.br\/portal\/index.php\/2022\/08\/01\/bolsonaro-oficializa-nomes-dos-dois-indicados-para-o-stj\/","title":{"rendered":"Bolsonaro oficializa nomes dos dois indicados para o STJ"},"content":{"rendered":"\n<p>O presidente&nbsp;<a href=\"http:\/\/pleno.news\/tag\/jair-bolsonaro\" target=\"_blank\" rel=\"noreferrer noopener\">Jair Bolsonaro<\/a>&nbsp;(PL) oficializou, nesta segunda-feira (1\u00b0), os nomes dos dois indicados por ele para o Superior Tribunal de Justi\u00e7a (<a href=\"http:\/\/pleno.news\/tag\/stj\" target=\"_blank\" rel=\"noreferrer noopener\">STJ<\/a>). Os escolhidos s\u00e3o os desembargadores Messod Azulay Neto, atual presidente do Tribunal Regional Federal da 2\u00aa Regi\u00e3o (TRF-2), e Paulo S\u00e9rgio Domingues, desembargador do Tribunal Regional Federal da 3\u00aa Regi\u00e3o (TRF-3).<\/p>\n\n\n\n<p>As indica\u00e7\u00f5es foram oficializadas por meio de um despacho publicado no Di\u00e1rio Oficial da Uni\u00e3o (DOU) nesta segunda. Messod Azulay Neto \u00e9 formado pela Universidade Federal do Rio de Janeiro e chegou ao TRF-2 em 2005. J\u00e1 Paulo S\u00e9rgio Domingues \u00e9 formado pela Universidade de S\u00e3o Paulo e se tornou desembargador do TRF-3 em 2014.<\/p>\n\n\n\n<p>Atualmente, a Constitui\u00e7\u00e3o determina que os ministros do STJ tenham origens diferentes: um ter\u00e7o deve ser escolhido entre desembargadores federais, um ter\u00e7o entre desembargadores dos Tribunais de Justi\u00e7a dos estados e um ter\u00e7o entre advogados e membros do Minist\u00e9rio P\u00fablico.<\/p>\n\n\n\n<p>O STJ \u00e9 composto por 33 ministros e \u00e9 a Corte respons\u00e1vel pela uniformiza\u00e7\u00e3o do entendimento sobre a legisla\u00e7\u00e3o. Os nomes do STJ s\u00e3o escolhidos e nomeados pelo presidente a partir de lista tr\u00edplice formulada pelo pr\u00f3prio tribunal. O indicado passa por sabatina no Senado antes de ser oficialmente nomeado, a exemplo do que acontece com os indicados ao Supremo Tribunal Federal.<\/p>\n","protected":false},"excerpt":{"rendered":"<p>O presidente&nbsp;Jair Bolsonaro&nbsp;(PL) oficializou, nesta segunda-feira (1\u00b0), os nomes dos dois indicados por ele para o Superior Tribunal de Justi\u00e7a (STJ). Os escolhidos s\u00e3o os desembargadores Messod Azulay Neto, atual presidente do Tribunal Regional Federal da 2\u00aa Regi\u00e3o (TRF-2), e Paulo S\u00e9rgio Domingues, desembargador do Tribunal Regional Federal da 3\u00aa Regi\u00e3o (TRF-3). As indica\u00e7\u00f5es foram [&hellip;]<\/p>\n","protected":false},"author":2,"featured_media":12006,"comment_status":"open","ping_status":"open","sticky":false,"template":"","format":"standard","meta":[],"categories":[10],"tags":[13],"_links":{"self":[{"href":"https:\/\/dgospel.com.br\/portal\/index.php\/wp-json\/wp\/v2\/posts\/12005"}],"collection":[{"href":"https:\/\/dgospel.com.br\/portal\/index.php\/wp-json\/wp\/v2\/posts"}],"about":[{"href":"https:\/\/dgospel.com.br\/portal\/index.php\/wp-json\/wp\/v2\/types\/post"}],"author":[{"embeddable":true,"href":"https:\/\/dgospel.com.br\/portal\/index.php\/wp-json\/wp\/v2\/users\/2"}],"replies":[{"embeddable":true,"href":"https:\/\/dgospel.com.br\/portal\/index.php\/wp-json\/wp\/v2\/comments?post=12005"}],"version-history":[{"count":1,"href":"https:\/\/dgospel.com.br\/portal\/index.php\/wp-json\/wp\/v2\/posts\/12005\/revisions"}],"predecessor-version":[{"id":12007,"href":"https:\/\/dgospel.com.br\/portal\/index.php\/wp-json\/wp\/v2\/posts\/12005\/revisions\/12007"}],"wp:featuredmedia":[{"embeddable":true,"href":"https:\/\/dgospel.com.br\/portal\/index.php\/wp-json\/wp\/v2\/media\/12006"}],"wp:attachment":[{"href":"https:\/\/dgospel.com.br\/portal\/index.php\/wp-json\/wp\/v2\/media?parent=12005"}],"wp:term":[{"taxonomy":"category","embeddable":true,"href":"https:\/\/dgospel.com.br\/portal\/index.php\/wp-json\/wp\/v2\/categories?post=12005"},{"taxonomy":"post_tag","embeddable":true,"href":"https:\/\/dgospel.com.br\/portal\/index.php\/wp-json\/wp\/v2\/tags?post=12005"}],"curies":[{"name":"wp","href":"https:\/\/api.w.org\/{rel}","templated":true}]}}