{"id":12011,"date":"2022-08-01T11:07:05","date_gmt":"2022-08-01T14:07:05","guid":{"rendered":"http:\/\/dgospel.com.br\/portal\/?p=12011"},"modified":"2022-08-01T11:07:06","modified_gmt":"2022-08-01T14:07:06","slug":"pastor-e-acusado-de-homofobia-por-se-recusar-a-fazer-casamento-gay-no-rj","status":"publish","type":"post","link":"https:\/\/dgospel.com.br\/portal\/index.php\/2022\/08\/01\/pastor-e-acusado-de-homofobia-por-se-recusar-a-fazer-casamento-gay-no-rj\/","title":{"rendered":"Pastor \u00e9 acusado de homofobia por se recusar a fazer casamento gay, no RJ"},"content":{"rendered":"\n<p>Um pastor foi acusado de \u201c<a href=\"https:\/\/guiame.com.br\/gospel\/noticias\/igreja-e-acusada-de-homofobia-por-nao-batizar-homossexual-em-aracaju.html\"><strong>homofobia<\/strong><\/a>\u201d por se negar a realizar uma cerim\u00f4nia de casamento entre homossexuais, no munic\u00edpio de B\u00fazios (RJ). O caso aconteceu na semana passada e continua repercutindo em ataques contra o l\u00edder religioso nas redes sociais.<\/p>\n\n\n\n<p>Bianca dos Santos Ventura, de 23 anos, e Isabella Santiago Pereira, de 21, falaram ao site Universa, do UOL, alegando terem sido v\u00edtimas de homofobia por parte do pastor Omar Zaracho, que \u00e9 celebrante de casamentos nas praias de B\u00fazios.<\/p>\n\n\n\n<p>O casal de l\u00e9sbicas diz que entrou em contato com Omar, via WhatsApp, para realizar um or\u00e7amento. Quando foi questionado o nome dos noivos, sua resposta foi \u201cIsabella e Bianca\u201d. Diante disso, o cerimonialista explicou que&nbsp;<a href=\"https:\/\/guiame.com.br\/gospel\/noticias\/confeiteiro-cristao-volta-ao-tribunal-por-se-recusar-fazer-bolo-transgenero.html\"><strong>n\u00e3o poderia<\/strong><\/a>&nbsp;prestar o servi\u00e7o.<\/p>\n\n\n\n<p>\u201cComo celebrante wedding, sou especializado apenas em cerim\u00f4nias heterossexuais, portanto, pelo meu grau de profissionalismo e para sempre oferecer um servi\u00e7o de excel\u00eancia dentro das minhas capacidades e aptid\u00f5es, n\u00e3o realizo cerim\u00f4nias homoafetivas. Igualmente obrigado pelo contato. Atendimento encerrado.&#8221;<\/p>\n\n\n\n<p>Bianca e Isabella compartilharam a conversa com amigos, que logo foram \u00e0 p\u00e1gina do pastor no Instagram para question\u00e1-lo. Elas disseram a Universa que, um pouco depois, ele publicou a foto de um casal com a seguinte legenda:&nbsp;<\/p>\n\n\n\n<p>\u201cA pr\u00f3pria natureza ensina que a procria\u00e7\u00e3o s\u00f3 \u00e9 poss\u00edvel pela UNI\u00c3O de um HOMEM com uma MULHER ent\u00e3o h\u00e1 que CELEBRAR o AMOR com gratid\u00e3o. Pois o CRIADOR tra\u00e7ou um plano perfeito.\u201d\u00a0<\/p>\n\n\n\n<p>Em declara\u00e7\u00f5es \u00e0 imprensa, o casal l\u00e9sbico afirmou que pretende processar o pastor. A advogada Luanda Pires, presidente da ABMLBTI (Associa\u00e7\u00e3o Brasileira de Mulheres L\u00e9sbicas, Bissexuais, Transexuais e Intersexo), disse \u00e0 Universa que sua recusa configura crime.<\/p>\n\n\n\n<p>\u201cMuito embora a liberdade religiosa individual deva ser protegida, assim como cerim\u00f4nias religiosas dentro de seus templos, um celebrante de casamento e uma empresa especializada s\u00e3o prestadores de servi\u00e7o e devem obedecer a legisla\u00e7\u00e3o vigente. Recusar-se a atender, prestar servi\u00e7os ou at\u00e9 mesmo diferenciar o tratamento dado aos consumidores com base em sua orienta\u00e7\u00e3o sexual ou identidade de g\u00eanero \u00e9 crime de LGBTfobia\u201d, alegou a advogada.<\/p>\n\n\n\n<p><strong>Pastor foi alvo de intoler\u00e2ncia religiosa<\/strong><\/p>\n\n\n\n<p>Omar Zaracho \u00e9 reverendo, formado em teologia pelo Instituto B\u00edblico Rio de la Plata, de Buenos Aires, e em aconselhamento pela University of the Nations, segundo informa\u00e7\u00f5es de seu site. Ele \u00e9 bil\u00edngue e realiza especialmente cerim\u00f4nias de casamento em praias na regi\u00e3o de B\u00fazios (RJ).<\/p>\n\n\n\n<p>Em resposta \u00e0s acusa\u00e7\u00f5es, Zaracho destacou que celebrar casamentos homoafetivos n\u00e3o \u00e9 sua especialidade, lembrou que \u00e9 \u201cum pastor e pai de fam\u00edlia\u201d e que se tornou mais um alvo da \u201cditadura gay\u201d.&nbsp;<\/p>\n\n\n\n<p>\u201cVenho sofrendo ass\u00e9dio moral e psicol\u00f3gico por parte dos soldados da ditadura gay s\u00f3 pelo fato de n\u00e3o ter aceitado fazer um servi\u00e7o que n\u00e3o \u00e9 minha especialidade dentro do ramo, assim como a um cardiologista n\u00e3o corresponde fazer um atendimento ginecol\u00f3gico, por exemplo\u201d, disse ao ser procurado pela Universa. \u201cSou um pastor e pai de fam\u00edlia trabalhador. Jamais faltei com respeito com ningu\u00e9m, pelo contr\u00e1rio: s\u00f3 aceito fazer servi\u00e7os para os quais me capacitei.\u201d<\/p>\n\n\n\n<p>Desde o epis\u00f3dio, ele tem sofrido ataques nas redes sociais. A Gazeta do Povo informa que, no Twitter, o perfil do Procon de S\u00e3o Paulo lhe enviou uma cartilha sobre LGBTfobia nas rela\u00e7\u00f5es de consumo.<\/p>\n\n\n\n<p>\u201cIntoler\u00e2ncia religiosa \u00e9 crime. Nenhum prestador de servi\u00e7o \u00e9 obrigado a realizar um servi\u00e7o que vai contra seus princ\u00edpios religiosos, que o levem a negar a sua f\u00e9. Uma ideologia n\u00e3o pode estar por cima de uma religi\u00e3o. Precisamos ter igualdade\u201d, disse o pastor \u00e0 Gazeta do Povo.<\/p>\n\n\n\n<p><strong>O impacto do STF nas acusa\u00e7\u00f5es de homofobia<\/strong><\/p>\n\n\n\n<p>Desde que o Supremo Tribunal Federal (STF) equiparou a homofobia ao racismo, em 2019, as recusas de servi\u00e7os baseadas na orienta\u00e7\u00e3o sexual t\u00eam sido encaradas por alguns clientes de forma negativa, segundo Omar.<\/p>\n\n\n\n<p>\u201cDe 2019 para c\u00e1, justamente por essa decis\u00e3o do STF, comecei a receber insultos, pessoas me chamando de homof\u00f3bico, disso ou daquilo outro\u201d, diz o pastor.<\/p>\n\n\n\n<p>Tadeu N\u00f3brega, professor e mestre em Direito Constitucional e diretor da Uni\u00e3o dos Juristas Cat\u00f3licos de S\u00e3o Paulo (UJUCASP), disse \u00e0 Gazeta do Povo que a recusa de fazer um casamento homoafetivo \u00e9 sustentada pelo artigo 5\u00ba da Constitui\u00e7\u00e3o, que permite a obje\u00e7\u00e3o de consci\u00eancia \u2014 o que impede que qualquer cidad\u00e3o seja obrigado a fazer algo que v\u00e1 contra suas convic\u00e7\u00f5es, sejam religiosas ou n\u00e3o.&nbsp;<\/p>\n\n\n\n<p><img src=\"https:\/\/thumbor.guiame.com.br\/unsafe\/smart\/https:\/\/media.guiame.com.br\/archives\/2022\/08\/01\/1175791680-.png\" alt=\"\" width=\"600\"><br><sup>Omar Zaracho \u00e9 celebrante de casamentos nas praias de B\u00fazios. (Foto: Instagram\/Celebrante Wedding)<\/sup><\/p>\n\n\n\n<p>\u201cAo mesmo tempo, tamb\u00e9m \u00e9 exerc\u00edcio da liberdade de cren\u00e7a, que tamb\u00e9m est\u00e1 prevista, junto com a obje\u00e7\u00e3o de consci\u00eancia, no artigo quinto, inciso sexto, que faz a prote\u00e7\u00e3o n\u00e3o s\u00f3 dos locais de culto, mas tamb\u00e9m da sua liturgia\u201d, esclareceu N\u00f3brega. \u201cPortanto, n\u00e3o pode o Estado interferir na liturgia. Nem mesmo decis\u00e3o judicial pode obrigar o pastor ou ent\u00e3o um padre a fazer um casamento que n\u00e3o seja conforme \u00e0s suas pr\u00f3prias regras\u201d.<\/p>\n\n\n\n<p>De acordo com o especialista, a decis\u00e3o do STF deixou clara a ressalva da liberdade religiosa quando equiparou a homofobia ao racismo. \u201cO Supremo Tribunal Federal aprovou a tese fazendo a ressalva de que a repress\u00e3o penal n\u00e3o alcan\u00e7aria nem restringiria o exerc\u00edcio da liberdade religiosa\u201d, diz N\u00f3brega.<\/p>\n\n\n\n<p>Nayder Rommel, advogado do pastor e mestre em Direito pela Universidade Federal de Ouro Preto (UFOP), afirma que n\u00e3o h\u00e1 crime porque \u201co reverendo tem forma\u00e7\u00e3o para cerim\u00f4nias entre homem e mulher\u201d e que \u201catuar de forma diversa seria um exerc\u00edcio profissional sem habilita\u00e7\u00e3o \u2013 este sim, il\u00edcito penal\u201d.<\/p>\n\n\n\n<p>O pr\u00f3prio Omar j\u00e1 foi recusado por clientes devido \u00e0 sua fun\u00e7\u00e3o pastoral, ele lembra. \u201cTeve uma vez que eu fui procurado por uma colega cerimonialista que falou que um casal estava querendo um celebrante. Depois ela falou: &#8216;Eles pesquisaram bem, viram que voc\u00ea \u00e9 pastor, e eles n\u00e3o querem&#8217;. Eu vou fazer um esc\u00e2ndalo? N\u00e3o, tudo bem. Eles n\u00e3o se identificam, porque sabem que um pastor tem uma linha de como fazer a cerim\u00f4nia. S\u00e3o coisas corriqueiras\u201d, explica.<\/p>\n","protected":false},"excerpt":{"rendered":"<p>Um pastor foi acusado de \u201chomofobia\u201d por se negar a realizar uma cerim\u00f4nia de casamento entre homossexuais, no munic\u00edpio de B\u00fazios (RJ). O caso aconteceu na semana passada e continua repercutindo em ataques contra o l\u00edder religioso nas redes sociais. Bianca dos Santos Ventura, de 23 anos, e Isabella Santiago Pereira, de 21, falaram ao [&hellip;]<\/p>\n","protected":false},"author":2,"featured_media":12012,"comment_status":"open","ping_status":"open","sticky":false,"template":"","format":"standard","meta":[],"categories":[5],"tags":[],"_links":{"self":[{"href":"https:\/\/dgospel.com.br\/portal\/index.php\/wp-json\/wp\/v2\/posts\/12011"}],"collection":[{"href":"https:\/\/dgospel.com.br\/portal\/index.php\/wp-json\/wp\/v2\/posts"}],"about":[{"href":"https:\/\/dgospel.com.br\/portal\/index.php\/wp-json\/wp\/v2\/types\/post"}],"author":[{"embeddable":true,"href":"https:\/\/dgospel.com.br\/portal\/index.php\/wp-json\/wp\/v2\/users\/2"}],"replies":[{"embeddable":true,"href":"https:\/\/dgospel.com.br\/portal\/index.php\/wp-json\/wp\/v2\/comments?post=12011"}],"version-history":[{"count":1,"href":"https:\/\/dgospel.com.br\/portal\/index.php\/wp-json\/wp\/v2\/posts\/12011\/revisions"}],"predecessor-version":[{"id":12013,"href":"https:\/\/dgospel.com.br\/portal\/index.php\/wp-json\/wp\/v2\/posts\/12011\/revisions\/12013"}],"wp:featuredmedia":[{"embeddable":true,"href":"https:\/\/dgospel.com.br\/portal\/index.php\/wp-json\/wp\/v2\/media\/12012"}],"wp:attachment":[{"href":"https:\/\/dgospel.com.br\/portal\/index.php\/wp-json\/wp\/v2\/media?parent=12011"}],"wp:term":[{"taxonomy":"category","embeddable":true,"href":"https:\/\/dgospel.com.br\/portal\/index.php\/wp-json\/wp\/v2\/categories?post=12011"},{"taxonomy":"post_tag","embeddable":true,"href":"https:\/\/dgospel.com.br\/portal\/index.php\/wp-json\/wp\/v2\/tags?post=12011"}],"curies":[{"name":"wp","href":"https:\/\/api.w.org\/{rel}","templated":true}]}}