{"id":12014,"date":"2022-08-01T11:10:32","date_gmt":"2022-08-01T14:10:32","guid":{"rendered":"http:\/\/dgospel.com.br\/portal\/?p=12014"},"modified":"2022-08-01T11:10:33","modified_gmt":"2022-08-01T14:10:33","slug":"clinica-crista-e-incendiada-por-rebeldes-na-africa-e-pacientes-morrem-queimados","status":"publish","type":"post","link":"https:\/\/dgospel.com.br\/portal\/index.php\/2022\/08\/01\/clinica-crista-e-incendiada-por-rebeldes-na-africa-e-pacientes-morrem-queimados\/","title":{"rendered":"Cl\u00ednica crist\u00e3 \u00e9 incendiada por rebeldes na \u00c1frica e pacientes morrem queimados"},"content":{"rendered":"\n<p>Uma cl\u00ednica crist\u00e3 que fica na&nbsp;<a href=\"https:\/\/guiame.com.br\/gospel\/missoes-acao-social\/paises-que-perseguem-igreja-como-vivem-os-cristaos-no-congo.html\"><strong>Rep\u00fablica Democr\u00e1tica do Congo<\/strong><\/a>, dirigida por uma igreja, foi atacada pelas For\u00e7as Democr\u00e1ticas Aliadas (ADF, sigla em ingl\u00eas), no dia 7 de julho.&nbsp;<\/p>\n\n\n\n<p>O ataque come\u00e7ou por volta das 22h40, conforme a&nbsp;<a href=\"https:\/\/guiame.com.br\/gospel\/mundo-cristao\/tiroteio-acontece-durante-treinamento-da-portas-abertas-no-congo.html\"><strong>Portas Abertas<\/strong><\/a>, e havia pacientes dentro da cl\u00ednica. Os rebeldes atearam fogo mesmo assim, e as pessoas morreram queimadas.&nbsp;<\/p>\n\n\n\n<p>O prefeito congol\u00eas da cidade de Lume no estado de Kivu, Kasereka Ise Mighambo, confirmou o ataque. Uma enfermeira local disse que o Minist\u00e9rio da Sa\u00fade registrou 13 mortes.&nbsp;<\/p>\n\n\n\n<p>J\u00e1 o porta-voz do ex\u00e9rcito congol\u00eas, capit\u00e3o Antony Mualushayi, relatou a perda de 9 vidas, entre elas 3 crian\u00e7as.&nbsp;<\/p>\n\n\n\n<p><strong>Sobre a cl\u00ednica crist\u00e3 e o ataque<\/strong><\/p>\n\n\n\n<p>A cl\u00ednica da Igreja Comunidade Crist\u00e3 na \u00c1frica Central (CECA, na sigla em ingl\u00eas), oferecia pronto-atendimento para&nbsp;<a href=\"https:\/\/guiame.com.br\/gospel\/missoes-acao-social\/so-em-setembro-extremistas-matam-30-pessoas-no-congo-existe-uma-agenda-islamica.html\"><strong>crist\u00e3os das \u00e1reas rurais<\/strong><\/a>. N\u00e3o ficou claro quantos pacientes eram crist\u00e3os e qual o total de mortes na cl\u00ednica.&nbsp;&nbsp;<\/p>\n\n\n\n<p>As For\u00e7as Democr\u00e1ticas Aliadas t\u00eam atacado sistematicamente e enfraquecido as igrejas crist\u00e3s no Leste do pa\u00eds como parte do projeto da expans\u00e3o isl\u00e2mica.<\/p>\n\n\n\n<p>A Portas Abertas compartilhou que tem sido&nbsp;<a href=\"https:\/\/guiame.com.br\/gospel\/noticias\/estado-islamico-busca-renascimento-em-paises-cristaos-como-congo-e-mocambique.html\"><strong>desgastante sofrer os ataques<\/strong><\/a>&nbsp;recorrentes e violentos no Leste da Rep\u00fablica Democr\u00e1tica do Congo. No m\u00eas passado, por exemplo, um treinamento foi interrompido por tiroteios dos extremistas.&nbsp;<\/p>\n\n\n\n<p>Em 2021, tanto a&nbsp;<a href=\"https:\/\/guiame.com.br\/gospel\/noticias\/terroristas-islamicos-matam-20-cristaos-em-massacre-no-congo.html\"><strong>Rep\u00fablica Democr\u00e1tica do Congo<\/strong><\/a>&nbsp;quanto a&nbsp;<a href=\"https:\/\/guiame.com.br\/gospel\/missoes-acao-social\/uganda-extremista-muculmano-e-condenado-prisao-perpetua-por-matar-cristaos.html\"><strong>Uganda<\/strong><\/a>&nbsp;lan\u00e7aram uma ofensiva contra as ADF, mas a viol\u00eancia contra civis permanece imbat\u00edvel. Tentando evitar os ataques desenfreados, muitas pessoas fogem e deixam tudo para tr\u00e1s buscando seguran\u00e7a.&nbsp;<\/p>\n","protected":false},"excerpt":{"rendered":"<p>Uma cl\u00ednica crist\u00e3 que fica na&nbsp;Rep\u00fablica Democr\u00e1tica do Congo, dirigida por uma igreja, foi atacada pelas For\u00e7as Democr\u00e1ticas Aliadas (ADF, sigla em ingl\u00eas), no dia 7 de julho.&nbsp; O ataque come\u00e7ou por volta das 22h40, conforme a&nbsp;Portas Abertas, e havia pacientes dentro da cl\u00ednica. Os rebeldes atearam fogo mesmo assim, e as pessoas morreram queimadas.&nbsp; [&hellip;]<\/p>\n","protected":false},"author":2,"featured_media":12015,"comment_status":"open","ping_status":"open","sticky":false,"template":"","format":"standard","meta":[],"categories":[16],"tags":[],"_links":{"self":[{"href":"https:\/\/dgospel.com.br\/portal\/index.php\/wp-json\/wp\/v2\/posts\/12014"}],"collection":[{"href":"https:\/\/dgospel.com.br\/portal\/index.php\/wp-json\/wp\/v2\/posts"}],"about":[{"href":"https:\/\/dgospel.com.br\/portal\/index.php\/wp-json\/wp\/v2\/types\/post"}],"author":[{"embeddable":true,"href":"https:\/\/dgospel.com.br\/portal\/index.php\/wp-json\/wp\/v2\/users\/2"}],"replies":[{"embeddable":true,"href":"https:\/\/dgospel.com.br\/portal\/index.php\/wp-json\/wp\/v2\/comments?post=12014"}],"version-history":[{"count":1,"href":"https:\/\/dgospel.com.br\/portal\/index.php\/wp-json\/wp\/v2\/posts\/12014\/revisions"}],"predecessor-version":[{"id":12016,"href":"https:\/\/dgospel.com.br\/portal\/index.php\/wp-json\/wp\/v2\/posts\/12014\/revisions\/12016"}],"wp:featuredmedia":[{"embeddable":true,"href":"https:\/\/dgospel.com.br\/portal\/index.php\/wp-json\/wp\/v2\/media\/12015"}],"wp:attachment":[{"href":"https:\/\/dgospel.com.br\/portal\/index.php\/wp-json\/wp\/v2\/media?parent=12014"}],"wp:term":[{"taxonomy":"category","embeddable":true,"href":"https:\/\/dgospel.com.br\/portal\/index.php\/wp-json\/wp\/v2\/categories?post=12014"},{"taxonomy":"post_tag","embeddable":true,"href":"https:\/\/dgospel.com.br\/portal\/index.php\/wp-json\/wp\/v2\/tags?post=12014"}],"curies":[{"name":"wp","href":"https:\/\/api.w.org\/{rel}","templated":true}]}}