{"id":12017,"date":"2022-08-01T11:23:47","date_gmt":"2022-08-01T14:23:47","guid":{"rendered":"http:\/\/dgospel.com.br\/portal\/?p=12017"},"modified":"2022-08-01T11:23:49","modified_gmt":"2022-08-01T14:23:49","slug":"palmas-registra-mais-de-10-mil-casos-confirmados-de-dengue-entre-janeiro-e-julho-de-2022","status":"publish","type":"post","link":"https:\/\/dgospel.com.br\/portal\/index.php\/2022\/08\/01\/palmas-registra-mais-de-10-mil-casos-confirmados-de-dengue-entre-janeiro-e-julho-de-2022\/","title":{"rendered":"Palmas registra mais de 10 mil casos confirmados de dengue entre janeiro e julho de 2022"},"content":{"rendered":"\n<p>Novo levantamento sobre as arboviroses em&nbsp;Palmas&nbsp;aponta que os casos confirmados de dengue passaram de&nbsp;10 mil&nbsp;em 2022. O n\u00famero compreende o per\u00edodo de 1\u00ba de janeiro a 23 de julho.<\/p>\n\n\n\n<p>O n\u00famero exato de pacientes diagnosticados com a dengue \u00e9 10.009. Com rela\u00e7\u00e3o \u00e0 chikungunya, ao todo foram confirmados 1.753 casos e um de zika. Todas as doen\u00e7as s\u00e3o transmitidas ao ser humano atrav\u00e9s do mosquito Aedes aegypti.<\/p>\n\n\n\n<p>De acordo com a Secretaria Municipal de Sa\u00fade (Semus), Palmas registrou 20.231 casos suspeitos de dengue, 4.834 de chikungunya, 740 de zika, al\u00e9m de sete suspeitas de febre amarela.<\/p>\n\n\n\n<p>At\u00e9 o mesmo per\u00edodo de 2021, havia apenas 2.029 casos de dengue em investiga\u00e7\u00e3o, 149 de chikungunya, 138 de zika v\u00edrus e quatro de febre amarela. Na \u00e9poca, houve a confirma\u00e7\u00e3o de apenas 898 pacientes com a dengue, 17 de chikungunya, nove de zika, e nenhum com a febre amarela.<\/p>\n\n\n\n<h2>Semana epidemiol\u00f3gica<\/h2>\n\n\n\n<p>Entre os dias 17 a 23 de julho, que compreende a 29 \u00aa semana epidemiol\u00f3gica, Palmas investigou 230 suspeitas de dengue, 113 de chikungunya, 18 de zika e nenhum de febre amarela. Na semana 28, foram 230 casos de dengue, 113 de chikungunya, 18 de zika. Tamb\u00e9m n\u00e3o houve registro de febre amarela.<\/p>\n\n\n\n<h2>Cuidados contra o mosquito<\/h2>\n\n\n\n<p>A principal prote\u00e7\u00e3o contra as doen\u00e7as \u00e9 n\u00e3o deixar o Aedes se proliferar. Para evitar isso, \u00e9 preciso acabar com os focos de \u00e1gua parada, que em&nbsp;<a href=\"https:\/\/g1.globo.com\/to\/tocantins\/noticia\/2022\/07\/06\/quase-70percent-dos-focos-de-dengue-encontrados-em-palmas-ficam-dentro-das-residencias.ghtml\">70% dos casos ficam dentro das resid\u00eancias<\/a>.<\/p>\n\n\n\n<p><strong>Veja o que fazer para combater o Aedes aegypti:<\/strong><\/p>\n\n\n\n<ul><li>Evite usar pratos nos vasos de plantas. Se usar, coloque areia at\u00e9 a borda;<\/li><li>Guarde garrafas com o gargalo virado para baixo;<\/li><li>Mantenha lixeiras tampadas;<\/li><li>Deixe os tanques utilizados para armazenar \u00e1gua sempre vedados, sem qualquer abertura, principalmente as caixas d\u2019\u00e1gua;<\/li><li>Plantas como brom\u00e9lias devem ser evitadas, pois acumulam \u00e1gua.<\/li><li>Trate a \u00e1gua da piscina com cloro e limpe-a uma vez por semana;<\/li><li>Mantenha ralos fechados e desentupidos;<\/li><li>Lave com escova os potes de comida e de \u00e1gua dos animais, no m\u00ednimo uma vez por semana;<\/li><li>Retire a \u00e1gua acumulada em lajes;<\/li><li>D\u00ea descarga, no m\u00ednimo uma vez por semana, em vasos sanit\u00e1rios pouco usados e mantenha a tampa sempre fechada;<\/li><li>Evite acumular entulho, pois podem se tornar criadouros do mosquito.<\/li><\/ul>\n\n\n\n<p>Fonte: G1\/Tocantins<\/p>\n","protected":false},"excerpt":{"rendered":"<p>Novo levantamento sobre as arboviroses em&nbsp;Palmas&nbsp;aponta que os casos confirmados de dengue passaram de&nbsp;10 mil&nbsp;em 2022. O n\u00famero compreende o per\u00edodo de 1\u00ba de janeiro a 23 de julho. O n\u00famero exato de pacientes diagnosticados com a dengue \u00e9 10.009. Com rela\u00e7\u00e3o \u00e0 chikungunya, ao todo foram confirmados 1.753 casos e um de zika. Todas [&hellip;]<\/p>\n","protected":false},"author":2,"featured_media":12018,"comment_status":"open","ping_status":"open","sticky":false,"template":"","format":"standard","meta":[],"categories":[3],"tags":[],"_links":{"self":[{"href":"https:\/\/dgospel.com.br\/portal\/index.php\/wp-json\/wp\/v2\/posts\/12017"}],"collection":[{"href":"https:\/\/dgospel.com.br\/portal\/index.php\/wp-json\/wp\/v2\/posts"}],"about":[{"href":"https:\/\/dgospel.com.br\/portal\/index.php\/wp-json\/wp\/v2\/types\/post"}],"author":[{"embeddable":true,"href":"https:\/\/dgospel.com.br\/portal\/index.php\/wp-json\/wp\/v2\/users\/2"}],"replies":[{"embeddable":true,"href":"https:\/\/dgospel.com.br\/portal\/index.php\/wp-json\/wp\/v2\/comments?post=12017"}],"version-history":[{"count":1,"href":"https:\/\/dgospel.com.br\/portal\/index.php\/wp-json\/wp\/v2\/posts\/12017\/revisions"}],"predecessor-version":[{"id":12019,"href":"https:\/\/dgospel.com.br\/portal\/index.php\/wp-json\/wp\/v2\/posts\/12017\/revisions\/12019"}],"wp:featuredmedia":[{"embeddable":true,"href":"https:\/\/dgospel.com.br\/portal\/index.php\/wp-json\/wp\/v2\/media\/12018"}],"wp:attachment":[{"href":"https:\/\/dgospel.com.br\/portal\/index.php\/wp-json\/wp\/v2\/media?parent=12017"}],"wp:term":[{"taxonomy":"category","embeddable":true,"href":"https:\/\/dgospel.com.br\/portal\/index.php\/wp-json\/wp\/v2\/categories?post=12017"},{"taxonomy":"post_tag","embeddable":true,"href":"https:\/\/dgospel.com.br\/portal\/index.php\/wp-json\/wp\/v2\/tags?post=12017"}],"curies":[{"name":"wp","href":"https:\/\/api.w.org\/{rel}","templated":true}]}}