{"id":1203,"date":"2018-09-04T00:22:46","date_gmt":"2018-09-04T03:22:46","guid":{"rendered":"http:\/\/dgospel.com.br\/portal\/?p=1203"},"modified":"2018-09-04T00:22:46","modified_gmt":"2018-09-04T03:22:46","slug":"educacao-de-palmas-e-uma-das-melhores-do-pais-dentre-as-capitais-aponta-ideb","status":"publish","type":"post","link":"https:\/\/dgospel.com.br\/portal\/index.php\/2018\/09\/04\/educacao-de-palmas-e-uma-das-melhores-do-pais-dentre-as-capitais-aponta-ideb\/","title":{"rendered":"Educa\u00e7\u00e3o de Palmas \u00e9 uma das melhores do pa\u00eds dentre as capitais, aponta Ideb"},"content":{"rendered":"<p>O \u00cdndice de Desenvolvimento da Educa\u00e7\u00e3o B\u00e1sica (Ideb), foi divulgado pelo Minist\u00e9rio da Educa\u00e7\u00e3o (MEC), nesta segunda-feira, 03. Com os dados oficiais, a educa\u00e7\u00e3o municipal de Palmas continua colecionando excelentes resultados e alcan\u00e7a mais uma conquista se consolidando entre as melhores capitais.<\/p>\n<p>&nbsp;<\/p>\n<p>Nas s\u00e9ries iniciais, 1\u00ba ao 5\u00ba ano a rede municipal, saiu de 6,2 do \u00faltimo Ideb em 2015 para 6,6 em 2017, e 5,6 para 5,8 nas s\u00e9ries finais, de 6\u00ba ao 9\u00ba ano. Vale ressaltar que, o MEC projetou para 2022 a meta do Ideb 6,0, mesmo assim, Palmas j\u00e1 avan\u00e7ou com essa meta. A m\u00e9dia 6,0 \u00e9 a meta estabelecida para pa\u00edses desenvolvidos conforme a Organiza\u00e7\u00e3o para a Coopera\u00e7\u00e3o e Desenvolvimento Econ\u00f4mico (OCDE).<\/p>\n<p>&nbsp;<\/p>\n<p>De acordo com o Ideb, Palmas se consolida entre as melhores das capitais, ficando em 2\u00ba lugar, atr\u00e1s apenas de Teresina-PI, com apenas dois d\u00e9cimos de diferen\u00e7a e na mesma escala de profici\u00eancia pelo Sistema de Avalia\u00e7\u00e3o da Educa\u00e7\u00e3o B\u00e1sica (Saeb).<\/p>\n<p>&nbsp;<\/p>\n<p>Segundo o Saeb, em Portugu\u00eas, nas s\u00e9ries iniciais, Palmas aparece com 225,5 e Teresina com 230,43 ocupando a mesma escala de aprendizagem, ou seja, n\u00edvel 5. J\u00e1 em Matem\u00e1tica, a capital tocantinense aparece novamente na mesma escala de profici\u00eancia com 237,86 e a capital piauiense com 246,94.<\/p>\n<p>&nbsp;<\/p>\n<p>Nas s\u00e9ries finais, em Portugu\u00eas, Palmas conquistou profici\u00eancia 275,94 logo atr\u00e1s de Teresina com 277,57. Em Matem\u00e1tica, a rede municipal de Palmas alcan\u00e7ou 270,84 e Teresina 285,43, deixando Palmas no geral com o mesmo n\u00edvel e empate t\u00e9cnico com a 1\u00aa colocada.<\/p>\n<p>&nbsp;<\/p>\n<p>Com esses resultados, a Rede Municipal da Educa\u00e7\u00e3o de Palmas mais uma vez se consagra tamb\u00e9m em 1\u00ba lugar tanto nas s\u00e9ries iniciais quanto nas finais, como melhor educa\u00e7\u00e3o da regi\u00e3o Norte do pa\u00eds e do Estado do Tocantins.<\/p>\n<p>&nbsp;<\/p>\n<p>&nbsp;<\/p>\n<p><strong>Escolas<\/strong><\/p>\n<p>Os dados oficiais do Ideb trazem ainda os resultados por unidade educacional. Nos anos iniciais, a Escola Municipal Beatriz Rodrigues alcan\u00e7ou a m\u00e9dia 7,9, seguida pelas escolas Anne Frank e Henrique Talone com 7,5, Olga Ben\u00e1rio e Monteiro Lobato com 7,4 e Monsenhor Pedro Pereira Piagem, 7,1. As escolas S\u00e1via Fernandes, Escola de Tempo Integral (ETI) Padre Josimo Tavares e ETI An\u00edsio Sp\u00ednola tamb\u00e9m se destacaram com m\u00e9dia 7,0.<\/p>\n<p>&nbsp;<\/p>\n<p>Nos anos finais, o destaque \u00e9 para a Escola Henrique Talone, com m\u00e9dia 7,0, seguida da ETI Monsenhor Pedro Pereira Piagem 6,7, e Anne Frank com 6,5. As escolas Beatriz Rodrigues e Darcy Ribeiro com m\u00e9dia 6,4, seguidas pelas ETIs Daniel Batista, 6,3 e Padre Josimo, 6,2. A escola do campo ETI Apr\u00edgio Thomaz de Matos, com 6,1, completa parte de cima da tabela. As escolas Ant\u00f4nio Carlos Jobim e Mestre Pac\u00edfico Siqueira Campos e Col\u00e9gio Esportivo do Corpo de Bombeiros (Cemil) alcan\u00e7aram a m\u00e9dia 6,0.<\/p>\n<p>&nbsp;<\/p>\n<p>&nbsp;<\/p>\n<p><strong>Pedag\u00f3gico<\/strong><\/p>\n<p>As escolas de Palmas contam com os Guias de Aprendizagem para aux\u00edlio nas atividades extracurricular. A Secretaria Municipal de Educa\u00e7\u00e3o implantou tamb\u00e9m o Circuito Aproxima, que consiste em trocas exitosas entre os educadores, tornando as pr\u00e1ticas de sala de aula numa rede de colabora\u00e7\u00e3o entre as unidades educacionais.<\/p>\n<p>&nbsp;<\/p>\n<p>A rede municipal de Palmas tamb\u00e9m conta com o projeto \u201cAula Show\u201d para revisar os conte\u00fados de Matem\u00e1tica e Portugu\u00eas. O objetivo \u00e9 oferecer aos alunos uma maneira diferenciada de aprender por meio l\u00fadico utilizando equipamentos de multim\u00eddia, par\u00f3dias de m\u00fasicas, usando os descritores dos conte\u00fados, e materiais espec\u00edficos preparados pelos docentes. Simulados, orienta\u00e7\u00f5es, gincanas, atividades l\u00fadicas como karaok\u00ea, v\u00eddeos, entre outras din\u00e2micas, s\u00e3o parte das aulas, durante os dias letivos da rede municipal de Palmas.<\/p>\n<p>&nbsp;<\/p>\n<p>Refer\u00eancia e modelo de estrutura, qualidade e desempenho educacional, o sistema de educa\u00e7\u00e3o implantado em Palmas, tem atra\u00eddo diversos gestores de cidades brasileiras para conhecer os projetos inovadores e resultados positivos.<\/p>\n<p>&nbsp;<\/p>\n<p>A prefeita de Palmas, Cinthia Ribeiro, comemorou ap\u00f3s receber a not\u00edcia da consolida\u00e7\u00e3o e crescimento da Rede Municipal de Educa\u00e7\u00e3o. \u201cRecebo com muito entusiasmo esses resultados. Nossas escolas s\u00e3o protagonistas de projetos inovadores e vamos continuar turbinando com investimentos para melhorar ainda mais\u201d, celebrou a gestora creditando os resultados a continuidade dos projetos. \u201cA popula\u00e7\u00e3o de Palmas aprova nosso sistema de educa\u00e7\u00e3o e, queremos fazer melhor ainda buscando parcerias e inovando, consolidando o padr\u00e3o de qualidade como refer\u00eancia para o Brasil\u201d, concluiu.<\/p>\n<p>&nbsp;<\/p>\n","protected":false},"excerpt":{"rendered":"<p>O \u00cdndice de Desenvolvimento da Educa\u00e7\u00e3o B\u00e1sica (Ideb), foi divulgado pelo Minist\u00e9rio da Educa\u00e7\u00e3o (MEC), nesta segunda-feira, 03. Com os dados oficiais, a educa\u00e7\u00e3o municipal de Palmas continua colecionando excelentes resultados e alcan\u00e7a mais uma conquista se consolidando entre as melhores capitais. &nbsp; Nas s\u00e9ries iniciais, 1\u00ba ao 5\u00ba ano a rede municipal, saiu de [&hellip;]<\/p>\n","protected":false},"author":2,"featured_media":1204,"comment_status":"open","ping_status":"open","sticky":false,"template":"","format":"standard","meta":[],"categories":[2,3],"tags":[],"_links":{"self":[{"href":"https:\/\/dgospel.com.br\/portal\/index.php\/wp-json\/wp\/v2\/posts\/1203"}],"collection":[{"href":"https:\/\/dgospel.com.br\/portal\/index.php\/wp-json\/wp\/v2\/posts"}],"about":[{"href":"https:\/\/dgospel.com.br\/portal\/index.php\/wp-json\/wp\/v2\/types\/post"}],"author":[{"embeddable":true,"href":"https:\/\/dgospel.com.br\/portal\/index.php\/wp-json\/wp\/v2\/users\/2"}],"replies":[{"embeddable":true,"href":"https:\/\/dgospel.com.br\/portal\/index.php\/wp-json\/wp\/v2\/comments?post=1203"}],"version-history":[{"count":1,"href":"https:\/\/dgospel.com.br\/portal\/index.php\/wp-json\/wp\/v2\/posts\/1203\/revisions"}],"predecessor-version":[{"id":1205,"href":"https:\/\/dgospel.com.br\/portal\/index.php\/wp-json\/wp\/v2\/posts\/1203\/revisions\/1205"}],"wp:featuredmedia":[{"embeddable":true,"href":"https:\/\/dgospel.com.br\/portal\/index.php\/wp-json\/wp\/v2\/media\/1204"}],"wp:attachment":[{"href":"https:\/\/dgospel.com.br\/portal\/index.php\/wp-json\/wp\/v2\/media?parent=1203"}],"wp:term":[{"taxonomy":"category","embeddable":true,"href":"https:\/\/dgospel.com.br\/portal\/index.php\/wp-json\/wp\/v2\/categories?post=1203"},{"taxonomy":"post_tag","embeddable":true,"href":"https:\/\/dgospel.com.br\/portal\/index.php\/wp-json\/wp\/v2\/tags?post=1203"}],"curies":[{"name":"wp","href":"https:\/\/api.w.org\/{rel}","templated":true}]}}