{"id":12033,"date":"2022-08-03T11:30:41","date_gmt":"2022-08-03T14:30:41","guid":{"rendered":"http:\/\/dgospel.com.br\/portal\/?p=12033"},"modified":"2022-08-03T11:30:42","modified_gmt":"2022-08-03T14:30:42","slug":"michelle-bolsonaro-conduz-vigilia-com-evangelicos-no-palacio-do-planalto","status":"publish","type":"post","link":"https:\/\/dgospel.com.br\/portal\/index.php\/2022\/08\/03\/michelle-bolsonaro-conduz-vigilia-com-evangelicos-no-palacio-do-planalto\/","title":{"rendered":"Michelle Bolsonaro conduz vig\u00edlia com evang\u00e9licos no Pal\u00e1cio do Planalto"},"content":{"rendered":"\n<p>A primeira-dama Michelle Bolsonaro conduziu uma vig\u00edlia nas depend\u00eancias da Presid\u00eancia da Rep\u00fablica, em Bras\u00edlia, no Distrito Federal, na noite deste domingo (31). Acompanhada de intercessores, pastores e cantores evang\u00e9licos, Michelle adentrou a madrugada louvando e orando.<\/p>\n\n\n\n<p>Imagens foram compartilhadas nos stories do Instagram de Michelle. O grupo aparece cantando louvores como\u00a0<em>A Igreja Vem<\/em>, de Anderson Freire;\u00a0<em>Para Que Entre o Rei<\/em>, da banda Morada e\u00a0<em>Descansarei<\/em>, da Comunidade Evang\u00e9lica de Maring\u00e1.<\/p>\n\n\n\n<p>Com uma B\u00edblia nas m\u00e3os, Michelle aparece bradando \u201cRei da Gl\u00f3ria\u201d na entrada do Pal\u00e1cio do Planalto, pr\u00f3ximo \u00e0 rampa presidencial. Outra imagem da sequ\u00eancia de stories mostra o grupo cantando enquanto desce a rampa que liga o gabinete presidencial ao Sal\u00e3o Nobre, trajeto que o presidente costuma fazer em cerim\u00f4nias oficiais.<\/p>\n\n\n\n<p>A pastora e cantora Midian Lima e seu marido, o pastor Eliel Lima, integravam a comitiva religiosa.<\/p>\n\n\n\n<p>A primeira-dama j\u00e1 havia compartilhado que costuma fazer ora\u00e7\u00f5es no gabinete presidencial. Durante a conven\u00e7\u00e3o do PL, partido de Bolsonaro, no dia 24 de julho, ela contou que tem o dia certo para faz\u00ea-lo e que ora at\u00e9 mesmo na cadeira do chefe do Executivo.<\/p>\n\n\n\n<p>\u2013 Eu sempre oro toda ter\u00e7a-feira no gabinete dele quando ele vai embora. Quando o Planalto se fecha, eu entro com meus intercessores e oro na cadeira dele. E eu declaro todos os dias: Jair Messias Bolsonaro s\u00ea forte e corajoso, n\u00e3o temas. N\u00e3o temas. Ele \u00e9 um escolhido de Deus, ele \u00e9 um escolhido de Deus. Esse homem tem um cora\u00e7\u00e3o puro, limpo, al\u00e9m de ser lindo, n\u00e9? Mas \u00e9 meu \u2013 disse na ocasi\u00e3o.<\/p>\n\n\n\n<p>Conforme Michelle compartilhou no Instagram, a vig\u00edlia durou at\u00e9 as 5h da manh\u00e3 dE segunda-feira (1\u00ba).<\/p>\n\n\n\n<p><a href=\"https:\/\/www.instagram.com\/reel\/CguIz7eD3Sj\/?utm_source=ig_web_copy_link\">https:\/\/www.instagram.com\/reel\/CguIz7eD3Sj\/?utm_source=ig_web_copy_link<\/a><\/p>\n","protected":false},"excerpt":{"rendered":"<p>A primeira-dama Michelle Bolsonaro conduziu uma vig\u00edlia nas depend\u00eancias da Presid\u00eancia da Rep\u00fablica, em Bras\u00edlia, no Distrito Federal, na noite deste domingo (31). Acompanhada de intercessores, pastores e cantores evang\u00e9licos, Michelle adentrou a madrugada louvando e orando. Imagens foram compartilhadas nos stories do Instagram de Michelle. O grupo aparece cantando louvores como\u00a0A Igreja Vem, de [&hellip;]<\/p>\n","protected":false},"author":2,"featured_media":12034,"comment_status":"open","ping_status":"open","sticky":false,"template":"","format":"standard","meta":[],"categories":[5],"tags":[],"_links":{"self":[{"href":"https:\/\/dgospel.com.br\/portal\/index.php\/wp-json\/wp\/v2\/posts\/12033"}],"collection":[{"href":"https:\/\/dgospel.com.br\/portal\/index.php\/wp-json\/wp\/v2\/posts"}],"about":[{"href":"https:\/\/dgospel.com.br\/portal\/index.php\/wp-json\/wp\/v2\/types\/post"}],"author":[{"embeddable":true,"href":"https:\/\/dgospel.com.br\/portal\/index.php\/wp-json\/wp\/v2\/users\/2"}],"replies":[{"embeddable":true,"href":"https:\/\/dgospel.com.br\/portal\/index.php\/wp-json\/wp\/v2\/comments?post=12033"}],"version-history":[{"count":1,"href":"https:\/\/dgospel.com.br\/portal\/index.php\/wp-json\/wp\/v2\/posts\/12033\/revisions"}],"predecessor-version":[{"id":12035,"href":"https:\/\/dgospel.com.br\/portal\/index.php\/wp-json\/wp\/v2\/posts\/12033\/revisions\/12035"}],"wp:featuredmedia":[{"embeddable":true,"href":"https:\/\/dgospel.com.br\/portal\/index.php\/wp-json\/wp\/v2\/media\/12034"}],"wp:attachment":[{"href":"https:\/\/dgospel.com.br\/portal\/index.php\/wp-json\/wp\/v2\/media?parent=12033"}],"wp:term":[{"taxonomy":"category","embeddable":true,"href":"https:\/\/dgospel.com.br\/portal\/index.php\/wp-json\/wp\/v2\/categories?post=12033"},{"taxonomy":"post_tag","embeddable":true,"href":"https:\/\/dgospel.com.br\/portal\/index.php\/wp-json\/wp\/v2\/tags?post=12033"}],"curies":[{"name":"wp","href":"https:\/\/api.w.org\/{rel}","templated":true}]}}