{"id":12036,"date":"2022-08-03T11:37:26","date_gmt":"2022-08-03T14:37:26","guid":{"rendered":"http:\/\/dgospel.com.br\/portal\/?p=12036"},"modified":"2022-08-03T11:37:28","modified_gmt":"2022-08-03T14:37:28","slug":"presidente-bolsonaro-participa-de-culto-evangelico-na-camara","status":"publish","type":"post","link":"https:\/\/dgospel.com.br\/portal\/index.php\/2022\/08\/03\/presidente-bolsonaro-participa-de-culto-evangelico-na-camara\/","title":{"rendered":"Presidente Bolsonaro participa de culto evang\u00e9lico na C\u00e2mara"},"content":{"rendered":"\n<p>O presidente Jair Bolsonaro (PL) participa na manh\u00e3 desta quarta-feira (3) de culto evang\u00e9lico no audit\u00f3rio Nereu Ramos, que fica na C\u00e2mara dos Deputados. Ministros do governo e parlamentares da Bancada da B\u00edblia marcam presen\u00e7a na cerim\u00f4nia, organizada pelo deputado S\u00f3stenes Cavalcante (PL-RJ), l\u00edder dos evang\u00e9licos no Congresso Nacional, e presidida pelo pastor Cl\u00e1udio Duarte.<\/p>\n\n\n\n<p>Bolsonaro chegou ao audit\u00f3rio Nereu Ramos por volta das 8h20. Sem falar com a imprensa, conversou com parlamentares da bancada evang\u00e9lica, como o deputado Marco Feliciano, e se pronunciou ao longo do evento.<\/p>\n\n\n\n<p>No discurso desta manh\u00e3, Bolsonaro lembrou que se aproximou da bancada evang\u00e9lica ainda enquanto parlamentar por suas posi\u00e7\u00f5es contr\u00e1rias \u00e0 ideologia de g\u00eanero.<\/p>\n\n\n\n<p>\u2013 Todo dia quando me levanto, me concentro, agrade\u00e7o pela miss\u00e3o e pe\u00e7o a Deus que meu povo, nosso povo, n\u00e3o sinta as dores do comunismo. Na economia, Brasil vai muito bem, mas n\u00e3o podemos esquecer o lado espiritual \u2013 declarou, sob aplausos de deputados e senadores evang\u00e9licos.<\/p>\n\n\n\n<p>O chefe do Executivo associou seu principal advers\u00e1rio na disputa pelo Pal\u00e1cio do Planalto, o candidato do PT, Luiz In\u00e1cio Lula da Silva, a um retrocesso na agenda conservadora.<\/p>\n\n\n\n<p>\u2013 N\u00f3s somos a maioria, somos do bem e tenho certeza que venceremos essa batalha. N\u00e3o por mim nem por voc\u00eas, mas pelos nossos filhos. Devo muito aos m\u00e9dicos, mas muitos deles me dizem que quem me salvou em Juiz de Fora em 2018 foi a m\u00e3o de Deus \u2013 seguiu, em refer\u00eancia ao epis\u00f3dio da facada.<\/p>\n\n\n\n<p>No discurso, ele tamb\u00e9m voltou a criticar signat\u00e1rios dos manifestos articulados em defesa da democracia. Para o chefe do Executivo, quem assinou o que chamou de \u201ccartinha\u201d n\u00e3o tomou posi\u00e7\u00e3o nas restri\u00e7\u00f5es sanit\u00e1rias impostas por governadores no auge da pandemia de Covid-19.<\/p>\n\n\n\n<p>\u2013 Voc\u00eas todos sentiram um pouco do que \u00e9 ditadura. E nenhum daqueles que assinam cartinha por a\u00ed se manifestaram naquele momento \u2013 afirmou o presidente, que critica as medidas de conten\u00e7\u00e3o do coronav\u00edrus por seus impactos econ\u00f4micos.<\/p>\n\n\n\n<p>*Com informa\u00e7\u00f5es da AE<\/p>\n","protected":false},"excerpt":{"rendered":"<p>O presidente Jair Bolsonaro (PL) participa na manh\u00e3 desta quarta-feira (3) de culto evang\u00e9lico no audit\u00f3rio Nereu Ramos, que fica na C\u00e2mara dos Deputados. Ministros do governo e parlamentares da Bancada da B\u00edblia marcam presen\u00e7a na cerim\u00f4nia, organizada pelo deputado S\u00f3stenes Cavalcante (PL-RJ), l\u00edder dos evang\u00e9licos no Congresso Nacional, e presidida pelo pastor Cl\u00e1udio Duarte. [&hellip;]<\/p>\n","protected":false},"author":2,"featured_media":12037,"comment_status":"open","ping_status":"open","sticky":false,"template":"","format":"standard","meta":[],"categories":[5],"tags":[],"_links":{"self":[{"href":"https:\/\/dgospel.com.br\/portal\/index.php\/wp-json\/wp\/v2\/posts\/12036"}],"collection":[{"href":"https:\/\/dgospel.com.br\/portal\/index.php\/wp-json\/wp\/v2\/posts"}],"about":[{"href":"https:\/\/dgospel.com.br\/portal\/index.php\/wp-json\/wp\/v2\/types\/post"}],"author":[{"embeddable":true,"href":"https:\/\/dgospel.com.br\/portal\/index.php\/wp-json\/wp\/v2\/users\/2"}],"replies":[{"embeddable":true,"href":"https:\/\/dgospel.com.br\/portal\/index.php\/wp-json\/wp\/v2\/comments?post=12036"}],"version-history":[{"count":1,"href":"https:\/\/dgospel.com.br\/portal\/index.php\/wp-json\/wp\/v2\/posts\/12036\/revisions"}],"predecessor-version":[{"id":12038,"href":"https:\/\/dgospel.com.br\/portal\/index.php\/wp-json\/wp\/v2\/posts\/12036\/revisions\/12038"}],"wp:featuredmedia":[{"embeddable":true,"href":"https:\/\/dgospel.com.br\/portal\/index.php\/wp-json\/wp\/v2\/media\/12037"}],"wp:attachment":[{"href":"https:\/\/dgospel.com.br\/portal\/index.php\/wp-json\/wp\/v2\/media?parent=12036"}],"wp:term":[{"taxonomy":"category","embeddable":true,"href":"https:\/\/dgospel.com.br\/portal\/index.php\/wp-json\/wp\/v2\/categories?post=12036"},{"taxonomy":"post_tag","embeddable":true,"href":"https:\/\/dgospel.com.br\/portal\/index.php\/wp-json\/wp\/v2\/tags?post=12036"}],"curies":[{"name":"wp","href":"https:\/\/api.w.org\/{rel}","templated":true}]}}