{"id":12042,"date":"2022-08-03T11:55:10","date_gmt":"2022-08-03T14:55:10","guid":{"rendered":"http:\/\/dgospel.com.br\/portal\/?p=12042"},"modified":"2022-08-03T11:55:11","modified_gmt":"2022-08-03T14:55:11","slug":"laurez-prestigia-solenidade-na-camara-de-araguaina-que-deu-titulo-de-cidadao-araguainense-a-wanderlei-barbosa","status":"publish","type":"post","link":"https:\/\/dgospel.com.br\/portal\/index.php\/2022\/08\/03\/laurez-prestigia-solenidade-na-camara-de-araguaina-que-deu-titulo-de-cidadao-araguainense-a-wanderlei-barbosa\/","title":{"rendered":"Laurez prestigia solenidade, na C\u00e2mara de Aragua\u00edna, que deu t\u00edtulo de cidad\u00e3o araguainense a Wanderlei Barbosa"},"content":{"rendered":"\n<p>O presidente do PDT\/TO, Laurez Moreira, esteve em Aragua\u00edna, nesta ter\u00e7a, 02, e dentre as pautas cumpridas na cidade, ele prestigiou a sess\u00e3o solene na C\u00e2mara Municipal, que concedeu ao Governador, Wanderlei Barbosa, o T\u00edtulo de Cidad\u00e3o Araguainense.<\/p>\n\n\n\n<p>O t\u00edtulo foi proposto pela vereadora Paula Zerbini, e aprovado por unanimidade.<\/p>\n\n\n\n<p>\u201cFoi com muita alegria que prestigiei a solenidade que agraciou o nosso governador, Wanderlei Barbosa, com o T\u00edtulo de Cidad\u00e3o Araguainense, e aproveito para parabeniz\u00e1-lo pela honraria recebida. Eu n\u00e3o tenho d\u00favidas do belo projeto que tem para o Tocantins, e \u00e9 por acreditar, que estou com ele nessa caminhada. Vamos juntos pelo bem dos tocantinenses\u201d, declarou. &nbsp;<\/p>\n\n\n\n<p>Na ocasi\u00e3o, Laurez foi mencionado como um bom nome a vice-governador do Tocantins, pelo seu trabalho prestado em Gurupi e ao povo tocantinense.<\/p>\n","protected":false},"excerpt":{"rendered":"<p>O presidente do PDT\/TO, Laurez Moreira, esteve em Aragua\u00edna, nesta ter\u00e7a, 02, e dentre as pautas cumpridas na cidade, ele prestigiou a sess\u00e3o solene na C\u00e2mara Municipal, que concedeu ao Governador, Wanderlei Barbosa, o T\u00edtulo de Cidad\u00e3o Araguainense. O t\u00edtulo foi proposto pela vereadora Paula Zerbini, e aprovado por unanimidade. \u201cFoi com muita alegria que [&hellip;]<\/p>\n","protected":false},"author":2,"featured_media":12043,"comment_status":"open","ping_status":"open","sticky":false,"template":"","format":"standard","meta":[],"categories":[4],"tags":[13],"_links":{"self":[{"href":"https:\/\/dgospel.com.br\/portal\/index.php\/wp-json\/wp\/v2\/posts\/12042"}],"collection":[{"href":"https:\/\/dgospel.com.br\/portal\/index.php\/wp-json\/wp\/v2\/posts"}],"about":[{"href":"https:\/\/dgospel.com.br\/portal\/index.php\/wp-json\/wp\/v2\/types\/post"}],"author":[{"embeddable":true,"href":"https:\/\/dgospel.com.br\/portal\/index.php\/wp-json\/wp\/v2\/users\/2"}],"replies":[{"embeddable":true,"href":"https:\/\/dgospel.com.br\/portal\/index.php\/wp-json\/wp\/v2\/comments?post=12042"}],"version-history":[{"count":1,"href":"https:\/\/dgospel.com.br\/portal\/index.php\/wp-json\/wp\/v2\/posts\/12042\/revisions"}],"predecessor-version":[{"id":12044,"href":"https:\/\/dgospel.com.br\/portal\/index.php\/wp-json\/wp\/v2\/posts\/12042\/revisions\/12044"}],"wp:featuredmedia":[{"embeddable":true,"href":"https:\/\/dgospel.com.br\/portal\/index.php\/wp-json\/wp\/v2\/media\/12043"}],"wp:attachment":[{"href":"https:\/\/dgospel.com.br\/portal\/index.php\/wp-json\/wp\/v2\/media?parent=12042"}],"wp:term":[{"taxonomy":"category","embeddable":true,"href":"https:\/\/dgospel.com.br\/portal\/index.php\/wp-json\/wp\/v2\/categories?post=12042"},{"taxonomy":"post_tag","embeddable":true,"href":"https:\/\/dgospel.com.br\/portal\/index.php\/wp-json\/wp\/v2\/tags?post=12042"}],"curies":[{"name":"wp","href":"https:\/\/api.w.org\/{rel}","templated":true}]}}