{"id":12046,"date":"2022-08-06T09:16:18","date_gmt":"2022-08-06T12:16:18","guid":{"rendered":"http:\/\/dgospel.com.br\/portal\/?p=12046"},"modified":"2022-08-06T09:16:19","modified_gmt":"2022-08-06T12:16:19","slug":"presidente-sanciona-piso-salarial-da-enfermagem","status":"publish","type":"post","link":"https:\/\/dgospel.com.br\/portal\/index.php\/2022\/08\/06\/presidente-sanciona-piso-salarial-da-enfermagem\/","title":{"rendered":"Presidente sanciona piso salarial da enfermagem"},"content":{"rendered":"\n<p>O presidente da Rep\u00fablica, Jair Bolsonaro, sancionou, com um veto, a lei que estabelece pisos salariais para enfermeiros, t\u00e9cnicos de enfermagem, auxiliares de enfermagem e parteiras. De acordo com a medida, ficou determinado que o piso nacional de enfermeiros dos setores p\u00fablico e privado ser\u00e1 de R$ 4.750. Esse valor servir\u00e1 como base para calcular o sal\u00e1rio m\u00ednimo de t\u00e9cnicos de enfermagem (70%), auxiliares de enfermagem (50%) e parteiras (50%).<\/p>\n\n\n\n<p>O texto aprovado pelo <a href=\"https:\/\/www.congressonacional.leg.br\/\">Congresso Nacional<\/a> previa que os pisos passariam por atualiza\u00e7\u00f5es a cada ano, levando em conta a infla\u00e7\u00e3o calculada pelo \u00cdndice Nacional de Pre\u00e7os ao Consumidor (INPC). No entanto, esse trecho foi vetado.&nbsp;<\/p>\n\n\n\n<p>De acordo com a <a href=\"https:\/\/www.gov.br\/secretariageral\/pt-br\">Secretaria-Geral da presid\u00eancia<\/a>, esse ponto era inconstitucional e contr\u00e1rio ao interesse p\u00fablico, pois a vincula\u00e7\u00e3o do reajuste \u00e0 infla\u00e7\u00e3o poderia acarretar &#8220;dificuldades \u00e0 pol\u00edtica monet\u00e1ria&#8221;, j\u00e1 que estaria transmitindo &#8220;a infla\u00e7\u00e3o do per\u00edodo anterior para o per\u00edodo seguinte&#8221;. Al\u00e9m disso, o argumento \u00e9 de que a medida &#8220;afrontaria a autonomia dos entes federativos para concederem os reajustes aos seus servidores&#8221;.<\/p>\n\n\n\n<p>Atualmente, cerca de 2,6 milh\u00f5es de profissionais de enfermagem est\u00e3o registrados no Conselho Federal de Enfermagem <a href=\"http:\/\/www.cofen.gov.br\/\">(Cofen)<\/a>. Segundo o conselheiro Daniel Menezes, h\u00e1 uma disparidade salarial entre as diferentes regi\u00f5es do pa\u00eds.&nbsp;<\/p>\n\n\n\n<p>\u201cO Brasil, por ser um pa\u00eds de propor\u00e7\u00f5es continentais, tem uma disparidade muito grande de remunera\u00e7\u00e3o. Inclusive nos estados, como [das regi\u00f5es] Sul e Sudeste. Mesmo nesses estados, no munic\u00edpio do interior, temos profissionais de enfermagem do n\u00edvel m\u00e9dio ganhando pr\u00f3ximo a um sal\u00e1rio m\u00ednimo\u201d, pontua.&nbsp;<\/p>\n\n\n\n<p>Para a enfermeira Dayra Ribeiro, de 26 anos, a san\u00e7\u00e3o \u00e9 motivo de alegria porque representa o in\u00edcio da valoriza\u00e7\u00e3o da categoria no Brasil.<\/p>\n\n\n\n<p>\u201cMe alegra bastante, uma vez que sofremos v\u00e1rias repres\u00e1lias dentro da equipe de sa\u00fade. N\u00e3o somos valorizados. N\u00e3o somos vistos como profissionais que merecem o reconhecimento pelos anos de estudos que n\u00f3s desempenhamos e tudo mais. Fico muito feliz com o in\u00edcio dessa valoriza\u00e7\u00e3o\u201d, considera.&nbsp;<\/p>\n\n\n\n<p><a href=\"https:\/\/brasil61.com\/n\/especialista-alerta-para-a-importancia-da-vacinacao-contra-covid-19-e-gripe-bras227119\">Especialista alerta para a import\u00e2ncia da vacina\u00e7\u00e3o contra covid-19 e gripe<\/a><\/p>\n\n\n\n<p><a href=\"https:\/\/brasil61.com\/n\/diagnostico-dos-casos-de-cancer-de-cabeca-e-pescoco-predomina-em-estagio-avancado-bras227113\">Diagn\u00f3stico dos casos de c\u00e2ncer de cabe\u00e7a e pesco\u00e7o predomina em est\u00e1gio avan\u00e7ado<\/a><\/p>\n\n\n\n<p>Mayra de Paulo, de 28 anos, tamb\u00e9m \u00e9 enfermeira e conta que a categoria sofria muito com a disparidade salarial. Com a determina\u00e7\u00e3o, segundo ela, os profissionais passam a ver notados e receber mais valoriza\u00e7\u00e3o. \u201cA enfermagem come\u00e7ou a ter uma aten\u00e7\u00e3o que sempre mereceu. Passamos por v\u00e1rias situa\u00e7\u00f5es de desvaloriza\u00e7\u00e3o. Gra\u00e7as a Deus conseguimos essa vit\u00f3ria\u201d, destaca.<\/p>\n\n\n\n<h2>Confira os valores m\u00ednimos estabelecidos&nbsp;<\/h2>\n\n\n\n<ul><li>Enfermeiros: R$ 4.750<\/li><li>T\u00e9cnicos de enfermagem: R$ 3.325<\/li><li>Auxiliares de enfermagem: R$ 2.375<\/li><li>Parteiras: R$ 2.375<\/li><\/ul>\n\n\n\n<p>O piso salarial para essas categorias entrar\u00e1 em vigor logo ap\u00f3s a publica\u00e7\u00e3o. Vale destacar que foi assegurada a manuten\u00e7\u00e3o das remunera\u00e7\u00f5es e sal\u00e1rios vigentes superiores ao piso.<\/p>\n\n\n\n<p>O projeto foi sancionado por Bolsonaro depois que o Congresso Nacional aprovou uma emenda \u00e0 Constitui\u00e7\u00e3o que possibilitou a cria\u00e7\u00e3o e o pagamento dos pisos para esses profissionais.<\/p>\n\n\n\n<p>Fonte: <a href=\"https:\/\/brasil61.com\/n\/presidente-sanciona-piso-salarial-da-enfermagem-bras227120?email=dgospel1@gmail.com&amp;utm_source=newsletter&amp;utm_medium=newsletter&amp;utm_campaign=newsletter\" target=\"_blank\" rel=\"noreferrer noopener\">Brasil 61<\/a><\/p>\n","protected":false},"excerpt":{"rendered":"<p>O presidente da Rep\u00fablica, Jair Bolsonaro, sancionou, com um veto, a lei que estabelece pisos salariais para enfermeiros, t\u00e9cnicos de enfermagem, auxiliares de enfermagem e parteiras. De acordo com a medida, ficou determinado que o piso nacional de enfermeiros dos setores p\u00fablico e privado ser\u00e1 de R$ 4.750. Esse valor servir\u00e1 como base para calcular [&hellip;]<\/p>\n","protected":false},"author":2,"featured_media":12047,"comment_status":"open","ping_status":"open","sticky":false,"template":"","format":"standard","meta":[],"categories":[10],"tags":[],"_links":{"self":[{"href":"https:\/\/dgospel.com.br\/portal\/index.php\/wp-json\/wp\/v2\/posts\/12046"}],"collection":[{"href":"https:\/\/dgospel.com.br\/portal\/index.php\/wp-json\/wp\/v2\/posts"}],"about":[{"href":"https:\/\/dgospel.com.br\/portal\/index.php\/wp-json\/wp\/v2\/types\/post"}],"author":[{"embeddable":true,"href":"https:\/\/dgospel.com.br\/portal\/index.php\/wp-json\/wp\/v2\/users\/2"}],"replies":[{"embeddable":true,"href":"https:\/\/dgospel.com.br\/portal\/index.php\/wp-json\/wp\/v2\/comments?post=12046"}],"version-history":[{"count":1,"href":"https:\/\/dgospel.com.br\/portal\/index.php\/wp-json\/wp\/v2\/posts\/12046\/revisions"}],"predecessor-version":[{"id":12048,"href":"https:\/\/dgospel.com.br\/portal\/index.php\/wp-json\/wp\/v2\/posts\/12046\/revisions\/12048"}],"wp:featuredmedia":[{"embeddable":true,"href":"https:\/\/dgospel.com.br\/portal\/index.php\/wp-json\/wp\/v2\/media\/12047"}],"wp:attachment":[{"href":"https:\/\/dgospel.com.br\/portal\/index.php\/wp-json\/wp\/v2\/media?parent=12046"}],"wp:term":[{"taxonomy":"category","embeddable":true,"href":"https:\/\/dgospel.com.br\/portal\/index.php\/wp-json\/wp\/v2\/categories?post=12046"},{"taxonomy":"post_tag","embeddable":true,"href":"https:\/\/dgospel.com.br\/portal\/index.php\/wp-json\/wp\/v2\/tags?post=12046"}],"curies":[{"name":"wp","href":"https:\/\/api.w.org\/{rel}","templated":true}]}}