{"id":12049,"date":"2022-08-06T11:10:41","date_gmt":"2022-08-06T14:10:41","guid":{"rendered":"http:\/\/dgospel.com.br\/portal\/?p=12049"},"modified":"2022-08-06T11:10:42","modified_gmt":"2022-08-06T14:10:42","slug":"wanderlei-barbosa-confirma-candidatura-a-reeleicao-ao-governo-do-estado-pelo-republicanos","status":"publish","type":"post","link":"https:\/\/dgospel.com.br\/portal\/index.php\/2022\/08\/06\/wanderlei-barbosa-confirma-candidatura-a-reeleicao-ao-governo-do-estado-pelo-republicanos\/","title":{"rendered":"Wanderlei Barbosa confirma candidatura \u00e0 reelei\u00e7\u00e3o ao governo do Estado pelo Republicanos"},"content":{"rendered":"\n<p>O governador&nbsp;<a href=\"https:\/\/g1.globo.com\/politica\/politico\/wanderlei-barbosa-castro\/\">Wanderlei Barbosa<\/a>&nbsp;foi confirmado como candidato \u00e0 reelei\u00e7\u00e3o pelo partido Republicanos, nesta sexta-feira (5). O vice da chapa ser\u00e1 o ex-deputado e ex-prefeito de Gurupi, Laurez Moreira (PDT), que chegou a ser relacionado a uma candidatura pr\u00f3pria, mas desistiu para compor a chapa.<\/p>\n\n\n\n<p>A conven\u00e7\u00e3o do partido foi realizada no Centro de Conven\u00e7\u00f5es Arnaud Rodrigues, em&nbsp;<a href=\"https:\/\/g1.globo.com\/to\/tocantins\/cidade\/palmas\/\">Palmas<\/a>. Durante o encontro foram apresentados candidatos para deputado estadual, federal e ao senado. A chapa majorit\u00e1ria \u00e9 composta pelos partidos Republicanos, Uni\u00e3o Brasil, PDT, Solidariedade, Cidadania, Patriota PTB e PSB. Em seu discurso, o candidato ao governo disse que sua prioridade ser\u00e1 a Sa\u00fade.<\/p>\n\n\n\n<p>&#8220;Meu projeto projeto principal \u00e9 cuidar das pessoas, cuidar do povo. Vou cuidar melhorando os hospitais cada vez mais, melhorando as nossas escolas, melhorando a vida do servidor p\u00fablico, melhorando a qualidade de vida do povo tocantinense. Esses s\u00e3o projetos fundamentais. Seguran\u00e7a P\u00fablica vamos cuidar da mesma forma, entretenimento, esporte, s\u00e3o projetos que vamos levar adiante. Para isso n\u00f3s temos planejamento para os pr\u00f3ximos quatro anos. Vamos fazer um planejamento j\u00e1 em dezembro contemplando as \u00e1reas mais importantes&#8221;, destacou o candidato \u00e0 reelei\u00e7\u00e3o.<\/p>\n\n\n\n<p>Wanderlei Barbosa Castro tem 58 anos e \u00e9 o atual governador do Tocantins. Ele come\u00e7ou a vida pol\u00edtica em Porto Nacional, onde foi eleito vereador. Depois migrou para Palmas, onde foi eleito vereador por v\u00e1rios mandatos at\u00e9 2010. Tamb\u00e9m foi deputado estadual por duas vezes at\u00e9 se tornar vice-governador e assumir o estado ap\u00f3s ren\u00fancia de Mauro Carlesse.<\/p>\n\n\n\n<p>Fonte: G1\/Tocantins<\/p>\n","protected":false},"excerpt":{"rendered":"<p>O governador&nbsp;Wanderlei Barbosa&nbsp;foi confirmado como candidato \u00e0 reelei\u00e7\u00e3o pelo partido Republicanos, nesta sexta-feira (5). O vice da chapa ser\u00e1 o ex-deputado e ex-prefeito de Gurupi, Laurez Moreira (PDT), que chegou a ser relacionado a uma candidatura pr\u00f3pria, mas desistiu para compor a chapa. A conven\u00e7\u00e3o do partido foi realizada no Centro de Conven\u00e7\u00f5es Arnaud Rodrigues, [&hellip;]<\/p>\n","protected":false},"author":2,"featured_media":12050,"comment_status":"open","ping_status":"open","sticky":false,"template":"","format":"standard","meta":[],"categories":[4],"tags":[13],"_links":{"self":[{"href":"https:\/\/dgospel.com.br\/portal\/index.php\/wp-json\/wp\/v2\/posts\/12049"}],"collection":[{"href":"https:\/\/dgospel.com.br\/portal\/index.php\/wp-json\/wp\/v2\/posts"}],"about":[{"href":"https:\/\/dgospel.com.br\/portal\/index.php\/wp-json\/wp\/v2\/types\/post"}],"author":[{"embeddable":true,"href":"https:\/\/dgospel.com.br\/portal\/index.php\/wp-json\/wp\/v2\/users\/2"}],"replies":[{"embeddable":true,"href":"https:\/\/dgospel.com.br\/portal\/index.php\/wp-json\/wp\/v2\/comments?post=12049"}],"version-history":[{"count":1,"href":"https:\/\/dgospel.com.br\/portal\/index.php\/wp-json\/wp\/v2\/posts\/12049\/revisions"}],"predecessor-version":[{"id":12051,"href":"https:\/\/dgospel.com.br\/portal\/index.php\/wp-json\/wp\/v2\/posts\/12049\/revisions\/12051"}],"wp:featuredmedia":[{"embeddable":true,"href":"https:\/\/dgospel.com.br\/portal\/index.php\/wp-json\/wp\/v2\/media\/12050"}],"wp:attachment":[{"href":"https:\/\/dgospel.com.br\/portal\/index.php\/wp-json\/wp\/v2\/media?parent=12049"}],"wp:term":[{"taxonomy":"category","embeddable":true,"href":"https:\/\/dgospel.com.br\/portal\/index.php\/wp-json\/wp\/v2\/categories?post=12049"},{"taxonomy":"post_tag","embeddable":true,"href":"https:\/\/dgospel.com.br\/portal\/index.php\/wp-json\/wp\/v2\/tags?post=12049"}],"curies":[{"name":"wp","href":"https:\/\/api.w.org\/{rel}","templated":true}]}}