{"id":12052,"date":"2022-08-06T11:18:34","date_gmt":"2022-08-06T14:18:34","guid":{"rendered":"http:\/\/dgospel.com.br\/portal\/?p=12052"},"modified":"2022-08-06T11:18:35","modified_gmt":"2022-08-06T14:18:35","slug":"psd-lanca-senador-iraja-abreu-para-concorrer-ao-governo-do-tocantins","status":"publish","type":"post","link":"https:\/\/dgospel.com.br\/portal\/index.php\/2022\/08\/06\/psd-lanca-senador-iraja-abreu-para-concorrer-ao-governo-do-tocantins\/","title":{"rendered":"PSD lan\u00e7a Senador Iraj\u00e1 Abreu para concorrer ao governo do Tocantins\u00a0"},"content":{"rendered":"\n<p>O PSD lan\u00e7ou o nome de Iraj\u00e1 Abreu para concorrer ao governo do Tocantins. A conven\u00e7\u00e3o do partido ocorreu na cidade de&nbsp;Lavandeira, regi\u00e3o sudeste do estado, nesta sexta-feira (5). Tamb\u00e9m participaram do evento os representantes dos partidos Avante e PRTB, que apoiam a candidatura do pol\u00edtico.<\/p>\n\n\n\n<p>Iraj\u00e1, que atualmente \u00e9 senador pelo Tocantins, preside o PSD no estado. O evento durou at\u00e9 o fim da noite e tamb\u00e9m anunciou nomes para concorrer aos cargos de deputado estadual e deputado federal. O partido n\u00e3o anunciou quem vai concorrer como vice-governador durante a conven\u00e7\u00e3o.<\/p>\n\n\n\n<p>&#8220;Tivemos a alegria de realizar a maior conven\u00e7\u00e3o na hist\u00f3ria do Tocantins no interior do estado. Esse foi um grande gesto, uma sinaliza\u00e7\u00e3o do tamanho que n\u00f3s temos o Tocantins, com todas as suas riquezas, com todas as suas maravilhas, mas tamb\u00e9m com problemas da vida real, que n\u00f3s precisamos e vamos enfrentar no pr\u00f3ximo governo. Eu recebi o apoio dos nossos pr\u00e9-candidatos a deputados estaduais, federais, os meus vereadores, meus prefeitos e principalmente a popula\u00e7\u00e3o que compareceu em massa. Agora estamos dando esse pontap\u00e9 inicial, iniciando um novo Tocantins e um novo tempo&#8221;, destacou o candidato.<\/p>\n\n\n\n<p>Natural de Goi\u00e2nia (GO), Iraj\u00e1 Silvestre Filho tem 39 anos. \u00c9 formado em Publicidade e Propaganda e j\u00e1 trabalhou como empres\u00e1rio e produtor rural. Filho da tamb\u00e9m senadora K\u00e1tia Abreu (Progressistas), Iraj\u00e1 j\u00e1 ocupou o cargo de deputado federal por dois mandatos, entre os anos de 2012 e 2018. Tamb\u00e9m atuou como Secret\u00e1rio de Desenvolvimento Agr\u00e1rio e Regulariza\u00e7\u00e3o Fundi\u00e1ria no governo do Tocantins. Em 2018, foi eleito o senador mais novo da hist\u00f3ria do pa\u00eds, com 35 anos.<\/p>\n","protected":false},"excerpt":{"rendered":"<p>O PSD lan\u00e7ou o nome de Iraj\u00e1 Abreu para concorrer ao governo do Tocantins. A conven\u00e7\u00e3o do partido ocorreu na cidade de&nbsp;Lavandeira, regi\u00e3o sudeste do estado, nesta sexta-feira (5). Tamb\u00e9m participaram do evento os representantes dos partidos Avante e PRTB, que apoiam a candidatura do pol\u00edtico. Iraj\u00e1, que atualmente \u00e9 senador pelo Tocantins, preside o [&hellip;]<\/p>\n","protected":false},"author":2,"featured_media":12053,"comment_status":"open","ping_status":"open","sticky":false,"template":"","format":"standard","meta":[],"categories":[4],"tags":[],"_links":{"self":[{"href":"https:\/\/dgospel.com.br\/portal\/index.php\/wp-json\/wp\/v2\/posts\/12052"}],"collection":[{"href":"https:\/\/dgospel.com.br\/portal\/index.php\/wp-json\/wp\/v2\/posts"}],"about":[{"href":"https:\/\/dgospel.com.br\/portal\/index.php\/wp-json\/wp\/v2\/types\/post"}],"author":[{"embeddable":true,"href":"https:\/\/dgospel.com.br\/portal\/index.php\/wp-json\/wp\/v2\/users\/2"}],"replies":[{"embeddable":true,"href":"https:\/\/dgospel.com.br\/portal\/index.php\/wp-json\/wp\/v2\/comments?post=12052"}],"version-history":[{"count":1,"href":"https:\/\/dgospel.com.br\/portal\/index.php\/wp-json\/wp\/v2\/posts\/12052\/revisions"}],"predecessor-version":[{"id":12054,"href":"https:\/\/dgospel.com.br\/portal\/index.php\/wp-json\/wp\/v2\/posts\/12052\/revisions\/12054"}],"wp:featuredmedia":[{"embeddable":true,"href":"https:\/\/dgospel.com.br\/portal\/index.php\/wp-json\/wp\/v2\/media\/12053"}],"wp:attachment":[{"href":"https:\/\/dgospel.com.br\/portal\/index.php\/wp-json\/wp\/v2\/media?parent=12052"}],"wp:term":[{"taxonomy":"category","embeddable":true,"href":"https:\/\/dgospel.com.br\/portal\/index.php\/wp-json\/wp\/v2\/categories?post=12052"},{"taxonomy":"post_tag","embeddable":true,"href":"https:\/\/dgospel.com.br\/portal\/index.php\/wp-json\/wp\/v2\/tags?post=12052"}],"curies":[{"name":"wp","href":"https:\/\/api.w.org\/{rel}","templated":true}]}}