{"id":12055,"date":"2022-08-06T11:21:25","date_gmt":"2022-08-06T14:21:25","guid":{"rendered":"http:\/\/dgospel.com.br\/portal\/?p=12055"},"modified":"2022-08-06T11:21:26","modified_gmt":"2022-08-06T14:21:26","slug":"ronaldo-dimas-e-confirmado-para-concorrer-ao-governo-do-tocantins","status":"publish","type":"post","link":"https:\/\/dgospel.com.br\/portal\/index.php\/2022\/08\/06\/ronaldo-dimas-e-confirmado-para-concorrer-ao-governo-do-tocantins\/","title":{"rendered":"Ronaldo Dimas \u00e9 confirmado para concorrer ao governo do Tocantins"},"content":{"rendered":"\n<p>O partido PL confirmou o nome de&nbsp;<a href=\"https:\/\/g1.globo.com\/politica\/politico\/ronaldo-dimas\/\">Ronaldo Dimas<\/a>&nbsp;(PL) para concorrer ao governo do Tocantins. Freire J\u00fanior (MDB) foi anunciado como vice. A conven\u00e7\u00e3o da coliga\u00e7\u00e3o do PL, Podemos e MDB ocorreu nesta sexta-feira (5) de forma presencial no Espa\u00e7o Cultural, em Palmas.<\/p>\n\n\n\n<p>Tamb\u00e9m durante o evento foram anunciados nomes que v\u00e3o concorrer aos cargos de deputado estadual e federal pelos partidos. O senador Fl\u00e1vio Bolsonaro (PL-RJ) participou do evento.<\/p>\n\n\n\n<p>Em seu discurso, Dimas afirmou que entre suas prioridades de governo est\u00e3o a sa\u00fade, a recupera\u00e7\u00e3o de estradas, a seguran\u00e7a p\u00fablica e aux\u00edlio aos munic\u00edpios. &#8220;Precisamos que o interior tenha a mesma qualidade de vida da capital. Meu compromisso com os munic\u00edpio \u00e9 destinar pelo menos 2,5% do or\u00e7amento. Fazer com que o munic\u00edpio tenha capacidade de investir no que acha que \u00e9 prioridade. Vamos fazer plano de trabalho, dinheiro na conta e obra realizada pelos prefeitos e prefeitas&#8221;, disse o candidato.<\/p>\n\n\n\n<figure class=\"wp-block-embed\"><div class=\"wp-block-embed__wrapper\">\nhttps:\/\/bf56bb2e99519c6b09352138605d9546.safeframe.googlesyndication.com\/safeframe\/1-0-38\/html\/container.html\n<\/div><\/figure>\n\n\n\n<p>Ronaldo Dimas Nogueira Pereira tem 61 anos, \u00e9 natural da cidade de Frutal (MG). Formado em Engenharia Civil pela Universidade de Uberaba, tamb\u00e9m \u00e9 empres\u00e1rio. Foi eleito como prefeito de Aragua\u00edna em 2012, reeleito em 2016 e comandou a cidade por dois mandatos, at\u00e9 o final de 2020. Tamb\u00e9m atuou como deputado federal de 2003 a 2007 e foi candidato a vice-governador ao lado de Siqueira Campos, mas n\u00e3o foi eleito. Esteve \u00e0 frente da Federa\u00e7\u00e3o das Ind\u00fastrias do Estado do Tocantins (Fieto), do Sesi e Senai por dois mandatos (1997 a 2003) e ocupou outros cargos p\u00fablicos no estado.<\/p>\n\n\n\n<p>Fonte: G1\/Tocantins <\/p>\n","protected":false},"excerpt":{"rendered":"<p>O partido PL confirmou o nome de&nbsp;Ronaldo Dimas&nbsp;(PL) para concorrer ao governo do Tocantins. Freire J\u00fanior (MDB) foi anunciado como vice. A conven\u00e7\u00e3o da coliga\u00e7\u00e3o do PL, Podemos e MDB ocorreu nesta sexta-feira (5) de forma presencial no Espa\u00e7o Cultural, em Palmas. Tamb\u00e9m durante o evento foram anunciados nomes que v\u00e3o concorrer aos cargos de [&hellip;]<\/p>\n","protected":false},"author":2,"featured_media":12056,"comment_status":"open","ping_status":"open","sticky":false,"template":"","format":"standard","meta":[],"categories":[4],"tags":[],"_links":{"self":[{"href":"https:\/\/dgospel.com.br\/portal\/index.php\/wp-json\/wp\/v2\/posts\/12055"}],"collection":[{"href":"https:\/\/dgospel.com.br\/portal\/index.php\/wp-json\/wp\/v2\/posts"}],"about":[{"href":"https:\/\/dgospel.com.br\/portal\/index.php\/wp-json\/wp\/v2\/types\/post"}],"author":[{"embeddable":true,"href":"https:\/\/dgospel.com.br\/portal\/index.php\/wp-json\/wp\/v2\/users\/2"}],"replies":[{"embeddable":true,"href":"https:\/\/dgospel.com.br\/portal\/index.php\/wp-json\/wp\/v2\/comments?post=12055"}],"version-history":[{"count":1,"href":"https:\/\/dgospel.com.br\/portal\/index.php\/wp-json\/wp\/v2\/posts\/12055\/revisions"}],"predecessor-version":[{"id":12057,"href":"https:\/\/dgospel.com.br\/portal\/index.php\/wp-json\/wp\/v2\/posts\/12055\/revisions\/12057"}],"wp:featuredmedia":[{"embeddable":true,"href":"https:\/\/dgospel.com.br\/portal\/index.php\/wp-json\/wp\/v2\/media\/12056"}],"wp:attachment":[{"href":"https:\/\/dgospel.com.br\/portal\/index.php\/wp-json\/wp\/v2\/media?parent=12055"}],"wp:term":[{"taxonomy":"category","embeddable":true,"href":"https:\/\/dgospel.com.br\/portal\/index.php\/wp-json\/wp\/v2\/categories?post=12055"},{"taxonomy":"post_tag","embeddable":true,"href":"https:\/\/dgospel.com.br\/portal\/index.php\/wp-json\/wp\/v2\/tags?post=12055"}],"curies":[{"name":"wp","href":"https:\/\/api.w.org\/{rel}","templated":true}]}}