{"id":1206,"date":"2018-09-04T20:15:07","date_gmt":"2018-09-04T23:15:07","guid":{"rendered":"http:\/\/dgospel.com.br\/portal\/?p=1206"},"modified":"2018-09-04T20:15:20","modified_gmt":"2018-09-04T23:15:20","slug":"seciju-realiza-campanha-setembro-amarelo-de-prevencao-ao-suicidio-em-aldeias-indigenas","status":"publish","type":"post","link":"https:\/\/dgospel.com.br\/portal\/index.php\/2018\/09\/04\/seciju-realiza-campanha-setembro-amarelo-de-prevencao-ao-suicidio-em-aldeias-indigenas\/","title":{"rendered":"Seciju realiza campanha \u201cSetembro Amarelo\u201d de preven\u00e7\u00e3o ao suic\u00eddio em aldeias ind\u00edgenas"},"content":{"rendered":"<p style=\"font-weight: 400;\">O suic\u00eddio \u00e9 um fen\u00f4meno multifacetado que pode afetar indiv\u00edduos de\u00a0diferentes origens, classes sociais, idades e orienta\u00e7\u00f5es sexuais. Por isso, a Secretaria de Estado da Cidadania e Justi\u00e7a (Seciju), por meio da Diretoria de Direitos Humanos e da Ger\u00eancia de Prote\u00e7\u00e3o dos Povos Ind\u00edgenas, promove a\u00e7\u00f5es de conscientiza\u00e7\u00e3o e preven\u00e7\u00e3o ao suic\u00eddio nas aldeias ind\u00edgenas tocantinenses, uma triste realidade que acomete esses povos. As visitas iniciam dia 7 de setembro, na Aldeia Brejo Cumprido, em Tocant\u00ednia, e nos dias 13 e 14 na Aldeia Santa Isabel, em Formoso do Araguaia.<\/p>\n<p style=\"font-weight: 400;\">As visitas v\u00e3o contar com o apoio de uma equipe multidisciplinar, composta por psic\u00f3logo, assistente social e educadores. No per\u00edodo da manh\u00e3, a programa\u00e7\u00e3o prev\u00ea uma palestra de preven\u00e7\u00e3o ao suic\u00eddio. J\u00e1 no per\u00edodo da tarde, os ind\u00edgenas participam de atividades culturais locais, como a corrida de tora de buriti e a realiza\u00e7\u00e3o das dan\u00e7as tradicionais.<\/p>\n<p style=\"font-weight: 400;\">O gerente de Prote\u00e7\u00e3o dos Povos Ind\u00edgenas, Sitbr\u00f3 Xerente, tem atuado na mobiliza\u00e7\u00e3o da participa\u00e7\u00e3o ind\u00edgena nos dias em que as equipes visitam as aldeias. \u201cEssa mobiliza\u00e7\u00e3o \u00e9 importante para a preven\u00e7\u00e3o, para que n\u00e3o venha a se tornar algo recorrente. Vamos atender, nesse primeiro momento, as etnias Xerente e Karaj\u00e1\u201d, disse Sitbr\u00f3, lembrando que no Tocantins s\u00e3o poucos os casos de suic\u00eddio entre os povos ind\u00edgenas. Mas, de acordo com dados do Minist\u00e9rio da Sa\u00fade, a taxa de mortalidade por suic\u00eddio entre ind\u00edgenas \u00e9 quase o triplo da m\u00e9dia nacional.<\/p>\n<p style=\"font-weight: 400;\">Desde 2015, o Centro de Valoriza\u00e7\u00e3o da Vida (CVV) escolheu o m\u00eas de setembro, identificado com a cor amarela, para trazer o di\u00e1logo sobre suic\u00eddio para a sociedade, por meio da conscientiza\u00e7\u00e3o e preven\u00e7\u00e3o. \u201cFalar sobre o assunto \u00e9 extremamente importante, justamente para que possamos reduzir o n\u00famero de pessoas vulner\u00e1veis. Para que possamos evitar suic\u00eddios, o di\u00e1logo \u00e9 o primeiro passo. \u00c9 preciso que as pessoas saibam que n\u00e3o est\u00e3o sozinhas e podem buscar ajuda\u201d, explica Sibele Let\u00edcia Biazotto, diretora de Direitos Humanos da Seciju.<\/p>\n<p style=\"font-weight: 400;\"><strong>Estat\u00edsticas<\/strong><\/p>\n<p style=\"font-weight: 400;\">Enquanto o Brasil registra 5,7 \u00f3bitos a cada 100 mil habitantes, o \u00edndice \u00e9 de 15,2 na popula\u00e7\u00e3o ind\u00edgena, quase o triplo. Distanciando-se do panorama nacional, em que os adultos de 20 a 39 anos respondem pela maior propor\u00e7\u00e3o dos registros de suic\u00eddio, a maioria das mortes entre os \u00edndios ocorre na faixa et\u00e1ria de 10 a 19 anos. \u201cIsso pode ser explicado pelas dores causadas pelo choque de tradi\u00e7\u00f5es culturais ind\u00edgenas e a cultura do homem branco. O autoexterm\u00ednio ind\u00edgena \u00e9 um pedido silencioso de socorro\u201d, sup\u00f5e Sitbro Xerente, gerente de Prote\u00e7\u00e3o dos Povos Ind\u00edgenas.<\/p>\n<p style=\"font-weight: 400;\"><strong>Preven\u00e7\u00e3o<\/strong><\/p>\n<p style=\"font-weight: 400;\">Segundo a Organiza\u00e7\u00e3o Mundial de Sa\u00fade (OMS), cerca de 800 mil pessoas morrem por suic\u00eddio no mundo por ano. Isso representa uma morte a cada 40 segundos, e saber reconhecer os sinais de alerta em si mesmo ou em algu\u00e9m pr\u00f3ximo pode ser o primeiro e mais importante passo para salvar uma vida. Nesses casos, incentive a pessoa a procurar ajuda de profissionais do servi\u00e7o de sa\u00fade, de sa\u00fade mental, de emerg\u00eancia ou apoio em algum servi\u00e7o p\u00fablico. Ofere\u00e7a-se para acompanh\u00e1-la a um atendimento.<\/p>\n<p style=\"font-weight: 400;\">Se voc\u00ea acha que essa pessoa est\u00e1 em perigo imediato, n\u00e3o a deixe sozinha. Procure ajuda de profissionais de servi\u00e7os de sa\u00fade, de emerg\u00eancia e entre em contato com algu\u00e9m de confian\u00e7a, indicado pela pr\u00f3pria pessoa. Se a pessoa com quem voc\u00ea est\u00e1 preocupado vive com voc\u00ea, assegure-se de que n\u00e3o tenha acesso a meios para provocar a pr\u00f3pria morte (por exemplo, pesticidas, armas de fogo ou medicamentos) em casa.<\/p>\n<p style=\"font-weight: 400;\"><strong>Onde procurar ajuda?<\/strong><\/p>\n<p style=\"font-weight: 400;\">\u00c9 poss\u00edvel buscar ajuda no Servi\u00e7o de Sa\u00fade por meio do Centro de Aten\u00e7\u00e3o Psicossocial (CAPS) e nas Unidades B\u00e1sicas de Sa\u00fade (UBS) presentes nos munic\u00edpios. O Disque 100 e o Disque 188 tamb\u00e9m podem auxiliar e funcionam diariamente, 24 horas por dia, incluindo s\u00e1bados, domingos e feriados. Em casos de emerg\u00eancia, \u00e9 poss\u00edvel contatar o SAMU pelo Disque 192 e procurar as Unidades de Pronto Atendimento (UPA\u2019s), Pronto Socorros e Hospitais.<\/p>\n<p style=\"font-weight: 400;\">A a\u00e7\u00e3o nas aldeias tocantinenses neste m\u00eas de setembro \u00e9 realizada pela Seciju, em parceria com a Secretaria de Estado da Sa\u00fade (SES), a Secretaria de Estado da Educa\u00e7\u00e3o Juventude e Esportes (Seduc), o N\u00facleo Acolher e a Secretaria Especial de Sa\u00fade Ind\u00edgena (Sesai).<\/p>\n","protected":false},"excerpt":{"rendered":"<p>O suic\u00eddio \u00e9 um fen\u00f4meno multifacetado que pode afetar indiv\u00edduos de\u00a0diferentes origens, classes sociais, idades e orienta\u00e7\u00f5es sexuais. Por isso, a Secretaria de Estado da Cidadania e Justi\u00e7a (Seciju), por meio da Diretoria de Direitos Humanos e da Ger\u00eancia de Prote\u00e7\u00e3o dos Povos Ind\u00edgenas, promove a\u00e7\u00f5es de conscientiza\u00e7\u00e3o e preven\u00e7\u00e3o ao suic\u00eddio nas aldeias ind\u00edgenas [&hellip;]<\/p>\n","protected":false},"author":2,"featured_media":1207,"comment_status":"open","ping_status":"open","sticky":false,"template":"","format":"standard","meta":[],"categories":[2,3],"tags":[],"_links":{"self":[{"href":"https:\/\/dgospel.com.br\/portal\/index.php\/wp-json\/wp\/v2\/posts\/1206"}],"collection":[{"href":"https:\/\/dgospel.com.br\/portal\/index.php\/wp-json\/wp\/v2\/posts"}],"about":[{"href":"https:\/\/dgospel.com.br\/portal\/index.php\/wp-json\/wp\/v2\/types\/post"}],"author":[{"embeddable":true,"href":"https:\/\/dgospel.com.br\/portal\/index.php\/wp-json\/wp\/v2\/users\/2"}],"replies":[{"embeddable":true,"href":"https:\/\/dgospel.com.br\/portal\/index.php\/wp-json\/wp\/v2\/comments?post=1206"}],"version-history":[{"count":1,"href":"https:\/\/dgospel.com.br\/portal\/index.php\/wp-json\/wp\/v2\/posts\/1206\/revisions"}],"predecessor-version":[{"id":1208,"href":"https:\/\/dgospel.com.br\/portal\/index.php\/wp-json\/wp\/v2\/posts\/1206\/revisions\/1208"}],"wp:featuredmedia":[{"embeddable":true,"href":"https:\/\/dgospel.com.br\/portal\/index.php\/wp-json\/wp\/v2\/media\/1207"}],"wp:attachment":[{"href":"https:\/\/dgospel.com.br\/portal\/index.php\/wp-json\/wp\/v2\/media?parent=1206"}],"wp:term":[{"taxonomy":"category","embeddable":true,"href":"https:\/\/dgospel.com.br\/portal\/index.php\/wp-json\/wp\/v2\/categories?post=1206"},{"taxonomy":"post_tag","embeddable":true,"href":"https:\/\/dgospel.com.br\/portal\/index.php\/wp-json\/wp\/v2\/tags?post=1206"}],"curies":[{"name":"wp","href":"https:\/\/api.w.org\/{rel}","templated":true}]}}