{"id":12076,"date":"2022-08-09T11:41:56","date_gmt":"2022-08-09T14:41:56","guid":{"rendered":"http:\/\/dgospel.com.br\/portal\/?p=12076"},"modified":"2022-08-09T11:41:57","modified_gmt":"2022-08-09T14:41:57","slug":"mae-e-mulher-pai-e-homem-deixem-nossos-filhos-em-paz-diz-primeiro-ministro-da-hungria","status":"publish","type":"post","link":"https:\/\/dgospel.com.br\/portal\/index.php\/2022\/08\/09\/mae-e-mulher-pai-e-homem-deixem-nossos-filhos-em-paz-diz-primeiro-ministro-da-hungria\/","title":{"rendered":"\u2018M\u00e3e \u00e9 mulher, pai \u00e9 homem. Deixem nossos filhos em paz\u2019, diz primeiro-ministro da Hungria"},"content":{"rendered":"\n<p>O primeiro-ministro conservador Viktor Orb\u00e1n, da Hungria, voltou a se posicionar em defesa dos valores tradicionais familiares, exaltou a heran\u00e7a judaico-crist\u00e3 na forma\u00e7\u00e3o da moral no Ocidente e rejeitou a ideologia de g\u00eanero durante uma palestra no CPAC realizado no Texas, EUA.<\/p>\n\n\n\n<p>Durante seu discurso, Orb\u00e1n afirmou que h\u00e1 um \u201cchoque de civiliza\u00e7\u00f5es\u201d em curso, j\u00e1 que progressistas desejam suplantar os&nbsp;<a href=\"https:\/\/noticias.gospelmais.com.br\/europa-fe-crista-primeiro-ministro-hungria-130161.html\"><strong>valores que estabeleceram a Europa<\/strong><\/a>&nbsp;ao longo dos \u00faltimos s\u00e9culos.<\/p>\n\n\n\n<p>\u201cUm pol\u00edtico crist\u00e3o n\u00e3o pode ser racista\u201d, declarou, acusando os progressistas de tentar separar a civiliza\u00e7\u00e3o ocidental de suas ra\u00edzes crist\u00e3s:<\/p>\n\n\n\n<p>\u201cSe voc\u00ea separar a civiliza\u00e7\u00e3o ocidental de sua heran\u00e7a judaico-crist\u00e3, as piores coisas da hist\u00f3ria acontecem.\u00a0Sejamos honestos, as coisas mais malignas da hist\u00f3ria moderna foram realizadas por pessoas que odiavam o cristianismo.\u00a0N\u00e3o tenha medo de chamar seus inimigos pelo nome.\u00a0Voc\u00ea n\u00e3o pode jogar pelo seguro, mas eles nunca mostrar\u00e3o miseric\u00f3rdia\u201d, disse o primeiro-ministro h\u00fangaro.<\/p>\n\n\n\n<p>\u201cOs horrores dos nazistas e comunistas aconteceram porque alguns estados ocidentais da Europa continental abandonaram os valores crist\u00e3os e os progressistas de hoje est\u00e3o planejando fazer o mesmo.&nbsp;Eles querem desistir dos valores ocidentais e criar um mundo novo, um mundo p\u00f3s-ocidental.&nbsp;Quem vai det\u00ea-los se n\u00e3o o fizermos?\u201d, questionou, de acordo com informa\u00e7\u00f5es do&nbsp;<a target=\"_blank\" href=\"https:\/\/www.theguardian.com\/world\/2022\/aug\/04\/viktor-orban-cpac-speech\" rel=\"noreferrer noopener\"><em>The Guardian<\/em><\/a>.<\/p>\n\n\n\n<p>O mandat\u00e1rio h\u00fangaro afirmou que seu pa\u00eds se posiciona como uma \u201cna\u00e7\u00e3o do tamanho de Davi contra o Golias globalista\u201d. Essa postura vem sendo reiterada com as elei\u00e7\u00f5es parlamentares que sustentam seu governo, e com a elei\u00e7\u00e3o da&nbsp;<a href=\"https:\/\/noticias.gospelmais.com.br\/hungria-elege-crista-presidente-poder-ele-152942.html\"><strong>presidente Katalin Nov\u00e1k<\/strong><\/a>, uma pol\u00edtica crist\u00e3 que recentemente visitou o Brasil e se reuniu com o presidente Jair Bolsonaro (PL).<\/p>\n\n\n\n<p>No discurso durante a Confer\u00eancia de A\u00e7\u00e3o Pol\u00edtica Conservadora (CPAC) realizada no Texas, Viktor Orb\u00e1n destacou o fato de que um referendo na Hungria \u201crejeitou os programas de orienta\u00e7\u00e3o sexual nas escolas sem o consentimento dos pais\u201d e disse que a Constitui\u00e7\u00e3o do pa\u00eds protege o casamento tradicional.<\/p>\n\n\n\n<p>E ainda acrescentou que o rep\u00fadio \u00e0 ideologia de g\u00eanero \u00e9 a posi\u00e7\u00e3o da maioria no pa\u00eds: \u201cResumindo: a m\u00e3e \u00e9 mulher, o pai \u00e9 homem.&nbsp;Deixe nossos filhos em paz.&nbsp;Ponto final.&nbsp;Fim de discuss\u00e3o!\u201d.<\/p>\n","protected":false},"excerpt":{"rendered":"<p>O primeiro-ministro conservador Viktor Orb\u00e1n, da Hungria, voltou a se posicionar em defesa dos valores tradicionais familiares, exaltou a heran\u00e7a judaico-crist\u00e3 na forma\u00e7\u00e3o da moral no Ocidente e rejeitou a ideologia de g\u00eanero durante uma palestra no CPAC realizado no Texas, EUA. Durante seu discurso, Orb\u00e1n afirmou que h\u00e1 um \u201cchoque de civiliza\u00e7\u00f5es\u201d em curso, [&hellip;]<\/p>\n","protected":false},"author":2,"featured_media":12077,"comment_status":"open","ping_status":"open","sticky":false,"template":"","format":"standard","meta":[],"categories":[16],"tags":[],"_links":{"self":[{"href":"https:\/\/dgospel.com.br\/portal\/index.php\/wp-json\/wp\/v2\/posts\/12076"}],"collection":[{"href":"https:\/\/dgospel.com.br\/portal\/index.php\/wp-json\/wp\/v2\/posts"}],"about":[{"href":"https:\/\/dgospel.com.br\/portal\/index.php\/wp-json\/wp\/v2\/types\/post"}],"author":[{"embeddable":true,"href":"https:\/\/dgospel.com.br\/portal\/index.php\/wp-json\/wp\/v2\/users\/2"}],"replies":[{"embeddable":true,"href":"https:\/\/dgospel.com.br\/portal\/index.php\/wp-json\/wp\/v2\/comments?post=12076"}],"version-history":[{"count":1,"href":"https:\/\/dgospel.com.br\/portal\/index.php\/wp-json\/wp\/v2\/posts\/12076\/revisions"}],"predecessor-version":[{"id":12078,"href":"https:\/\/dgospel.com.br\/portal\/index.php\/wp-json\/wp\/v2\/posts\/12076\/revisions\/12078"}],"wp:featuredmedia":[{"embeddable":true,"href":"https:\/\/dgospel.com.br\/portal\/index.php\/wp-json\/wp\/v2\/media\/12077"}],"wp:attachment":[{"href":"https:\/\/dgospel.com.br\/portal\/index.php\/wp-json\/wp\/v2\/media?parent=12076"}],"wp:term":[{"taxonomy":"category","embeddable":true,"href":"https:\/\/dgospel.com.br\/portal\/index.php\/wp-json\/wp\/v2\/categories?post=12076"},{"taxonomy":"post_tag","embeddable":true,"href":"https:\/\/dgospel.com.br\/portal\/index.php\/wp-json\/wp\/v2\/tags?post=12076"}],"curies":[{"name":"wp","href":"https:\/\/api.w.org\/{rel}","templated":true}]}}