{"id":12082,"date":"2022-08-10T17:06:08","date_gmt":"2022-08-10T20:06:08","guid":{"rendered":"http:\/\/dgospel.com.br\/portal\/?p=12082"},"modified":"2022-08-10T17:06:08","modified_gmt":"2022-08-10T20:06:08","slug":"vereador-folha-assume-secretaria-municipal-de-governo-e-relacoes-institucionais-de-palmas","status":"publish","type":"post","link":"https:\/\/dgospel.com.br\/portal\/index.php\/2022\/08\/10\/vereador-folha-assume-secretaria-municipal-de-governo-e-relacoes-institucionais-de-palmas\/","title":{"rendered":"Vereador Folha assume Secretaria Municipal de Governo e Rela\u00e7\u00f5es Institucionais de Palmas"},"content":{"rendered":"\n<p>A partir desta quarta-feira, 10, o vereador Folha \u00e9 o novo secret\u00e1rio municipal de Governo e Rela\u00e7\u00f5es Institucionais da Prefeitura de Palmas. A nomea\u00e7\u00e3o do parlamentar saiu na edi\u00e7\u00e3o n\u00ba 3.038 do Di\u00e1rio Oficial do Munic\u00edpio, publicada na noite de ter\u00e7a, 09. A pasta \u00e9 uma das mais estrat\u00e9gicas da gest\u00e3o e tem a responsabilidade de prestar assist\u00eancia \u00e0 chefe do Executivo em suas rela\u00e7\u00f5es pol\u00edtico-administrativas com os mun\u00edcipes e as entidades p\u00fablicas e privadas.<\/p>\n\n\n\n<p>Folha destacou o sentimento de gratid\u00e3o pela oportunidade. \u201cAgrade\u00e7o \u00e0 prefeita Cinthia Ribeiro pela confian\u00e7a e garanto que vamos atuar para fortalecer as rela\u00e7\u00f5es da gest\u00e3o por meio de uma articula\u00e7\u00e3o harm\u00f4nica entre os poderes. Como vereador, sempre defendi o di\u00e1logo e a boa rela\u00e7\u00e3o entre os componentes do poder p\u00fablico, porque \u00e9 nisso que eu acredito e quero expandir esse trabalho\u201d, garantiu.<\/p>\n\n\n\n<p>O vereador Folha est\u00e1 em seu quarto mandato na C\u00e2mara Municipal de Palmas, j\u00e1 presidiu o parlamento no bi\u00eanio 2017\/2018 e vai assumir novamente a presid\u00eancia da Casa de Leis em 2023. A posse do vereador e da nova Mesa Diretora deve ser realizada no final de dezembro.&nbsp;<\/p>\n","protected":false},"excerpt":{"rendered":"<p>A partir desta quarta-feira, 10, o vereador Folha \u00e9 o novo secret\u00e1rio municipal de Governo e Rela\u00e7\u00f5es Institucionais da Prefeitura de Palmas. A nomea\u00e7\u00e3o do parlamentar saiu na edi\u00e7\u00e3o n\u00ba 3.038 do Di\u00e1rio Oficial do Munic\u00edpio, publicada na noite de ter\u00e7a, 09. A pasta \u00e9 uma das mais estrat\u00e9gicas da gest\u00e3o e tem a responsabilidade [&hellip;]<\/p>\n","protected":false},"author":2,"featured_media":12083,"comment_status":"open","ping_status":"open","sticky":false,"template":"","format":"standard","meta":[],"categories":[8],"tags":[13],"_links":{"self":[{"href":"https:\/\/dgospel.com.br\/portal\/index.php\/wp-json\/wp\/v2\/posts\/12082"}],"collection":[{"href":"https:\/\/dgospel.com.br\/portal\/index.php\/wp-json\/wp\/v2\/posts"}],"about":[{"href":"https:\/\/dgospel.com.br\/portal\/index.php\/wp-json\/wp\/v2\/types\/post"}],"author":[{"embeddable":true,"href":"https:\/\/dgospel.com.br\/portal\/index.php\/wp-json\/wp\/v2\/users\/2"}],"replies":[{"embeddable":true,"href":"https:\/\/dgospel.com.br\/portal\/index.php\/wp-json\/wp\/v2\/comments?post=12082"}],"version-history":[{"count":1,"href":"https:\/\/dgospel.com.br\/portal\/index.php\/wp-json\/wp\/v2\/posts\/12082\/revisions"}],"predecessor-version":[{"id":12084,"href":"https:\/\/dgospel.com.br\/portal\/index.php\/wp-json\/wp\/v2\/posts\/12082\/revisions\/12084"}],"wp:featuredmedia":[{"embeddable":true,"href":"https:\/\/dgospel.com.br\/portal\/index.php\/wp-json\/wp\/v2\/media\/12083"}],"wp:attachment":[{"href":"https:\/\/dgospel.com.br\/portal\/index.php\/wp-json\/wp\/v2\/media?parent=12082"}],"wp:term":[{"taxonomy":"category","embeddable":true,"href":"https:\/\/dgospel.com.br\/portal\/index.php\/wp-json\/wp\/v2\/categories?post=12082"},{"taxonomy":"post_tag","embeddable":true,"href":"https:\/\/dgospel.com.br\/portal\/index.php\/wp-json\/wp\/v2\/tags?post=12082"}],"curies":[{"name":"wp","href":"https:\/\/api.w.org\/{rel}","templated":true}]}}