{"id":12085,"date":"2022-08-11T22:46:58","date_gmt":"2022-08-12T01:46:58","guid":{"rendered":"http:\/\/dgospel.com.br\/portal\/?p=12085"},"modified":"2022-08-11T22:46:59","modified_gmt":"2022-08-12T01:46:59","slug":"nicaragua-governada-por-aliado-de-lula-persegue-igrejas-e-fecha-radios-cristas","status":"publish","type":"post","link":"https:\/\/dgospel.com.br\/portal\/index.php\/2022\/08\/11\/nicaragua-governada-por-aliado-de-lula-persegue-igrejas-e-fecha-radios-cristas\/","title":{"rendered":"Nicar\u00e1gua, governada por aliado de Lula, persegue igrejas e fecha r\u00e1dios crist\u00e3s"},"content":{"rendered":"\n<p>A Nicar\u00e1gua, que vive uma ditadura sob o regime de Daniel Ortega, fechou 7 emissoras de r\u00e1dio crist\u00e3s em meio a uma ca\u00e7ada aos opositores pol\u00edticos do governante, que \u00e9 um aliado do ex-presidente Lula (PT).<\/p>\n\n\n\n<p>No dia 02 de agosto, o governo da Nicar\u00e1gua ordenou o fechamento das emissoras de r\u00e1dio por serem ligadas a um l\u00edder religioso que \u00e9 cr\u00edtico do presidente Daniel Ortega, que comanda o pa\u00eds desde 2007 e foi reeleito tr\u00eas vezes, com a \u00faltima disputa sendo marcada pela pris\u00e3o dos candidatos que o desafiavam no pleito.<\/p>\n\n\n\n<p>As emissoras de r\u00e1dio eram ligadas \u00e0 Igreja Cat\u00f3lica, que \u00e9 a religi\u00e3o de 74,1% da popula\u00e7\u00e3o. Os&nbsp;<a href=\"https:\/\/noticias.gospelmais.com.br\/evangelicos-nicaragua-orar-contra-governo-socialista-102421.html\"><strong>protestantes somam 16,9%<\/strong><\/a>&nbsp;e outras ou nenhuma religi\u00e3o (9%). O coordenador das emissoras, bispo Rolando Alvarez, vem criticando o sistema pol\u00edtico do pa\u00eds, incluindo o ditador e suas reelei\u00e7\u00f5es sem concorrentes.<\/p>\n\n\n\n<p>\u201cTodas as nossas esta\u00e7\u00f5es de r\u00e1dio foram fechadas, mas n\u00e3o cancelar\u00e3o a palavra de Deus\u201d, disse o bispo Alvarez em uma publica\u00e7\u00e3o no\u00a0<a rel=\"noreferrer noopener\" href=\"https:\/\/twitter.com\/DiocesisdeMat\/status\/1554289525622456320\" target=\"_blank\">Twitter<\/a>.<\/p>\n\n\n\n<p>De sua parte, o governo alegou que as emissoras tinham problemas t\u00e9cnicos, mas n\u00e3o apontou quais seriam, segundo informa\u00e7\u00f5es do portal&nbsp;<a target=\"_blank\" href=\"https:\/\/g1.globo.com\/mundo\/noticia\/2022\/08\/05\/governo-da-nicaragua-fecha-7-emissoras-de-radio-catolicas-associacao-pede-ajuda-internacional.ghtml\" rel=\"noreferrer noopener\"><em>G1<\/em><\/a>.<\/p>\n\n\n\n<p>De acordo com o portal&nbsp;<a target=\"_blank\" href=\"https:\/\/www.acidigital.com\/noticias\/governo-de-daniel-ortega-fecha-radios-catolicas-na-nicaragua-28664\" rel=\"noreferrer noopener\"><em>ACI Digital<\/em><\/a>, em uma das emissoras a locutora narrou a entrada dos policiais que tiraram a emissora do ar: \u201cPedimos irm\u00e3os, por favor, que se unam em ora\u00e7\u00e3o. Todos aqueles que est\u00e3o de suas casas, neste momento, por favor, pedimos que dobrem os joelhos\u201d.<\/p>\n\n\n\n<p>Os demais l\u00edderes cat\u00f3licos que manifestaram apoio a Rolando Alvarez sofreram repress\u00e3o do governo. Assim que as emissoras de r\u00e1dio foram fechadas, integrantes da Diocese de Matagalpa, na Nicar\u00e1gua, pediram que \u201cas autoridades do pa\u00eds respeitem a liberdade de express\u00e3o e religi\u00e3o\u201d.<\/p>\n\n\n\n<p>Em resposta, agentes especiais da pol\u00edcia nicaraguense cercaram a casa do bispo \u00c1lvarez e o impediram de deixar seu pr\u00f3prio quarto para celebrar a missa, informou a ag\u00eancia\u00a0<em>AGI\/EFE<\/em>.<\/p>\n\n\n\n<h3>Aliado de Lula<\/h3>\n\n\n\n<p>Em 2021, o ex-presidente Lula negou que Daniel Ortega seja um ditador e o comparou \u00e0 ent\u00e3o primeira-ministra da Alemanha, Angela Merkel: \u201cTemos que defender a autodetermina\u00e7\u00e3o dos povos. Sabe, eu n\u00e3o posso ficar torcendo. Por que que a Angela Merkel pode ficar 16 anos no poder e Daniel Ortega n\u00e3o?\u201d, questionou.<\/p>\n\n\n\n<p>\u201cEu n\u00e3o posso julgar o que aconteceu na Nicar\u00e1gua. No Brasil eu fui preso\u201d, acrescentou Lula, segundo a&nbsp;<a target=\"_blank\" href=\"https:\/\/www.cnnbrasil.com.br\/politica\/lula-minimiza-ditadura-na-nicaragua-e-cita-angela-merkel\/\" rel=\"noreferrer noopener\"><em>CNN<\/em><\/a>.<\/p>\n\n\n\n<p>Angela Merkel comandou a Alemanha entre 2005 e 2021, liderando o partido Uni\u00e3o Democrata-Crist\u00e3, que construiu maioria no Parlamento. O pa\u00eds tem um sistema parlamentarista, em que a coaliz\u00e3o de partidos com maioria de representantes nomeia o chefe de governo.<\/p>\n\n\n\n<p>Portanto, ao longo dos anos em que Merkel esteve no comando do pa\u00eds, n\u00e3o houve fraudes eleitorais ou pris\u00e3o de opositores para que a ent\u00e3o primeira-ministra fosse mantida no cargo.<\/p>\n\n\n\n<p><\/p>\n","protected":false},"excerpt":{"rendered":"<p>A Nicar\u00e1gua, que vive uma ditadura sob o regime de Daniel Ortega, fechou 7 emissoras de r\u00e1dio crist\u00e3s em meio a uma ca\u00e7ada aos opositores pol\u00edticos do governante, que \u00e9 um aliado do ex-presidente Lula (PT). No dia 02 de agosto, o governo da Nicar\u00e1gua ordenou o fechamento das emissoras de r\u00e1dio por serem ligadas [&hellip;]<\/p>\n","protected":false},"author":2,"featured_media":12086,"comment_status":"open","ping_status":"open","sticky":false,"template":"","format":"standard","meta":[],"categories":[16],"tags":[],"_links":{"self":[{"href":"https:\/\/dgospel.com.br\/portal\/index.php\/wp-json\/wp\/v2\/posts\/12085"}],"collection":[{"href":"https:\/\/dgospel.com.br\/portal\/index.php\/wp-json\/wp\/v2\/posts"}],"about":[{"href":"https:\/\/dgospel.com.br\/portal\/index.php\/wp-json\/wp\/v2\/types\/post"}],"author":[{"embeddable":true,"href":"https:\/\/dgospel.com.br\/portal\/index.php\/wp-json\/wp\/v2\/users\/2"}],"replies":[{"embeddable":true,"href":"https:\/\/dgospel.com.br\/portal\/index.php\/wp-json\/wp\/v2\/comments?post=12085"}],"version-history":[{"count":1,"href":"https:\/\/dgospel.com.br\/portal\/index.php\/wp-json\/wp\/v2\/posts\/12085\/revisions"}],"predecessor-version":[{"id":12087,"href":"https:\/\/dgospel.com.br\/portal\/index.php\/wp-json\/wp\/v2\/posts\/12085\/revisions\/12087"}],"wp:featuredmedia":[{"embeddable":true,"href":"https:\/\/dgospel.com.br\/portal\/index.php\/wp-json\/wp\/v2\/media\/12086"}],"wp:attachment":[{"href":"https:\/\/dgospel.com.br\/portal\/index.php\/wp-json\/wp\/v2\/media?parent=12085"}],"wp:term":[{"taxonomy":"category","embeddable":true,"href":"https:\/\/dgospel.com.br\/portal\/index.php\/wp-json\/wp\/v2\/categories?post=12085"},{"taxonomy":"post_tag","embeddable":true,"href":"https:\/\/dgospel.com.br\/portal\/index.php\/wp-json\/wp\/v2\/tags?post=12085"}],"curies":[{"name":"wp","href":"https:\/\/api.w.org\/{rel}","templated":true}]}}