{"id":12091,"date":"2022-08-11T23:39:32","date_gmt":"2022-08-12T02:39:32","guid":{"rendered":"http:\/\/dgospel.com.br\/portal\/?p=12091"},"modified":"2022-08-25T08:35:26","modified_gmt":"2022-08-25T11:35:26","slug":"onibus-que-transportava-passageiros-pega-fogo-apos-problema-mecanico","status":"publish","type":"post","link":"https:\/\/dgospel.com.br\/portal\/index.php\/2022\/08\/11\/onibus-que-transportava-passageiros-pega-fogo-apos-problema-mecanico\/","title":{"rendered":"Vereador Rubens Uch\u00f4a recebe empres\u00e1rio Douglas Falc\u00e3o, de Goi\u00e2nia, na C\u00e2mara de Palmas"},"content":{"rendered":"\n<p> <\/p>\n\n\n\n<p>O vereador Rubens Uch\u00f4a (Uni\u00e3o Brasil), recebeu nesta ter\u00e7a-feira, 09, na C\u00e2mara Municipal de Palmas, o empres\u00e1rio de Goi\u00e2nia, Douglas Falc\u00e3o.<\/p>\n\n\n\n<p>Conforme o vereador, \u00e9 uma honra receber uma figura t\u00e3o importante no ramo empresarial com uma carreira de mais de 20 anos da \u00e1rea e pr\u00eamios internacionais na Casa de Leis da Capital.<\/p>\n\n\n\n<p>\u201dO Douglas em solo tocantinense tamb\u00e9m \u00e9 uma oportunidade de mostrar o nosso trabalho e de estreitar os la\u00e7os e trazer novas parcerias para bancada empresarial tocantinense\u201d, destacou Rubens.<\/p>\n\n\n\n<p>Douglas Falc\u00e3o<\/p>\n\n\n\n<p>Douglas Falc\u00e3o, Professor pesquisador, gestor, especialista em inova\u00e7\u00e3o, empres\u00e1rio com mais de 20 anos de carreira em empresas privadas, multinacionais, governo e terceiro setor. Fundador do Instituto Falc\u00e3o de Tecnologia em Gest\u00e3o em Goi\u00e2nia (GO).<\/p>\n\n\n\n<p>Tem pesquisas publicadas e premiadas no exterior. Atua nas \u00e1reas em Planejamento Estrat\u00e9gico, Comunica\u00e7\u00e3o e MKT Digital, Modelagem de Processos, Pesquisa.<\/p>\n\n\n\n<p>J\u00e1 implantou projetos nas \u00e1reas de Educa\u00e7\u00e3o, Sa\u00fade e Desenvolvimento Tecnol\u00f3gico e Inova\u00e7\u00e3o. Mestrando em Inova\u00e7\u00e3o e Empreendedorismo pela Escola de Neg\u00f3cios Europeia de Barcelona \u2013 ENEB.<\/p>\n","protected":false},"excerpt":{"rendered":"<p>O vereador Rubens Uch\u00f4a (Uni\u00e3o Brasil), recebeu nesta ter\u00e7a-feira, 09, na C\u00e2mara Municipal de Palmas, o empres\u00e1rio de Goi\u00e2nia, Douglas Falc\u00e3o. Conforme o vereador, \u00e9 uma honra receber uma figura t\u00e3o importante no ramo empresarial com uma carreira de mais de 20 anos da \u00e1rea e pr\u00eamios internacionais na Casa de Leis da Capital. \u201dO [&hellip;]<\/p>\n","protected":false},"author":2,"featured_media":12213,"comment_status":"open","ping_status":"open","sticky":false,"template":"","format":"standard","meta":[],"categories":[8],"tags":[],"_links":{"self":[{"href":"https:\/\/dgospel.com.br\/portal\/index.php\/wp-json\/wp\/v2\/posts\/12091"}],"collection":[{"href":"https:\/\/dgospel.com.br\/portal\/index.php\/wp-json\/wp\/v2\/posts"}],"about":[{"href":"https:\/\/dgospel.com.br\/portal\/index.php\/wp-json\/wp\/v2\/types\/post"}],"author":[{"embeddable":true,"href":"https:\/\/dgospel.com.br\/portal\/index.php\/wp-json\/wp\/v2\/users\/2"}],"replies":[{"embeddable":true,"href":"https:\/\/dgospel.com.br\/portal\/index.php\/wp-json\/wp\/v2\/comments?post=12091"}],"version-history":[{"count":2,"href":"https:\/\/dgospel.com.br\/portal\/index.php\/wp-json\/wp\/v2\/posts\/12091\/revisions"}],"predecessor-version":[{"id":12214,"href":"https:\/\/dgospel.com.br\/portal\/index.php\/wp-json\/wp\/v2\/posts\/12091\/revisions\/12214"}],"wp:featuredmedia":[{"embeddable":true,"href":"https:\/\/dgospel.com.br\/portal\/index.php\/wp-json\/wp\/v2\/media\/12213"}],"wp:attachment":[{"href":"https:\/\/dgospel.com.br\/portal\/index.php\/wp-json\/wp\/v2\/media?parent=12091"}],"wp:term":[{"taxonomy":"category","embeddable":true,"href":"https:\/\/dgospel.com.br\/portal\/index.php\/wp-json\/wp\/v2\/categories?post=12091"},{"taxonomy":"post_tag","embeddable":true,"href":"https:\/\/dgospel.com.br\/portal\/index.php\/wp-json\/wp\/v2\/tags?post=12091"}],"curies":[{"name":"wp","href":"https:\/\/api.w.org\/{rel}","templated":true}]}}