{"id":12094,"date":"2022-08-12T10:39:07","date_gmt":"2022-08-12T13:39:07","guid":{"rendered":"http:\/\/dgospel.com.br\/portal\/?p=12094"},"modified":"2022-08-12T10:39:08","modified_gmt":"2022-08-12T13:39:08","slug":"janaina-paschoal-diz-que-primeira-dama-semeia-divisao-religiosa-e-e-confrontada","status":"publish","type":"post","link":"https:\/\/dgospel.com.br\/portal\/index.php\/2022\/08\/12\/janaina-paschoal-diz-que-primeira-dama-semeia-divisao-religiosa-e-e-confrontada\/","title":{"rendered":"Jana\u00edna Paschoal diz que primeira-dama semeia \u2018divis\u00e3o religiosa\u2019 e \u00e9 confrontada"},"content":{"rendered":"\n<p>Jana\u00edna Paschoal (PRTB-SP) fez um discurso sugerindo que a primeira-dama Michelle Bolsonaro estaria plantando \u201ca semente da divis\u00e3o religiosa\u201d no Brasil por suas publica\u00e7\u00f5es reprovando a rela\u00e7\u00e3o de proximidade que o ex-presidente Lula (PT) mant\u00e9m com religi\u00f5es africanas.<\/p>\n\n\n\n<p>Em um discurso na Assembleia Legislativa de S\u00e3o Paulo, a deputada estadual e pr\u00e9-candidata ao Senado se dirigiu \u00e0 primeira-dama dizendo que a quest\u00e3o religiosa n\u00e3o deveria ser levada ao debate nas elei\u00e7\u00f5es.<\/p>\n\n\n\n<p>O contexto de sua declara\u00e7\u00e3o envolve o Stories que Michelle Bolsonaro compartilhou, de uma&nbsp;<a href=\"https:\/\/noticias.gospelmais.com.br\/sonaira-fernandes-lula-trevas-irrita-esposa-156703.html\"><strong>publica\u00e7\u00e3o da vereadora Sonaira Fernandes<\/strong><\/a>&nbsp;(Republicanos-SP), afirmando que Lula \u201cj\u00e1 entregou sua alma para vencer essa elei\u00e7\u00e3o\u201d ao participar de rituais de umbanda.<\/p>\n\n\n\n<p>\u201cEu pe\u00e7o cautela \u00e0 nossa primeira-dama. Que n\u00e3o plante no meu pa\u00eds a semente da divis\u00e3o religiosa\u201d, disse a deputada, aparentemente segurando o choro.<\/p>\n\n\n\n<p>\u201cN\u00e3o tem nada pior do que isso. N\u00f3s somos um povo de evang\u00e9licos, cat\u00f3licos, esp\u00edritas, umbandistas, candomblecistas, mu\u00e7ulmanos, judeus, budistas e de hindu\u00edstas. E eu quero que todos sejam respeitados. Eu pe\u00e7o encarecidamente. Eu n\u00e3o vim brigar, eu vim clamar pela paz no nosso pa\u00eds\u201d, acrescentou Jana\u00edna Paschoal.<\/p>\n\n\n\n<p>O discurso choroso, embora sem l\u00e1grimas, foi considerado teatral: \u201cDessa vez ela ganha o Trof\u00e9u Imprensa como melhor atriz!\u201d,&nbsp;<a target=\"_blank\" href=\"https:\/\/twitter.com\/paulochuchusbc\/status\/1557463798491013122\" rel=\"noreferrer noopener\">criticou<\/a>&nbsp;o vereador Paulo Chuchu, de S\u00e3o Bernardo do Campo.<\/p>\n\n\n\n<p>\u201cEu fiquei sem entender se a Jana\u00edna Paschoal estava chorando por histeria ou pelos direitos dos satanistas\u201d, ironizou outro usu\u00e1rio do&nbsp;<a target=\"_blank\" href=\"https:\/\/twitter.com\/alencaramatos\/status\/1557491313632747520\" rel=\"noreferrer noopener\">Twitter<\/a>.<\/p>\n\n\n\n<h2>Incoer\u00eancias<\/h2>\n\n\n\n<p>A psic\u00f3loga Marisa Lobo (PTB-PR), pr\u00e9-candidata a deputada federal, criticou as declara\u00e7\u00f5es de Jana\u00edna Paschoal, que chegou a contar com uma articula\u00e7\u00e3o entre lideran\u00e7as evang\u00e9licas para receber\u00a0<a href=\"https:\/\/noticias.gospelmais.com.br\/malafaia-articula-apoio-evangelicos-janaina-senado-156344.html\"><strong>apoio \u00e0 sua candidatura<\/strong><\/a>\u00a0ao Senado.<\/p>\n\n\n\n<p>Sobre a acusa\u00e7\u00e3o de que Michelle Bolsonaro estaria semeando segregacionismo religioso no Brasil, a psic\u00f3loga questionou: \u201cOnde, como e quando a primeira-dama fez ou falou qualquer coisa neste sentido? De onde Jana\u00edna tirou isso? [\u2026] Existe algum Projeto de Lei neste sentido? Alguma a\u00e7\u00e3o oficial do Presidente da Rep\u00fablica com o objetivo de favorecer uma religi\u00e3o, em detrimento das outras?\u201d.<\/p>\n\n\n\n<p>Em seu&nbsp;<a href=\"https:\/\/colunas.gospelmais.com.br\/resposta-janaina-paschoal-ignorancia-divisao-religiosa_36002.html\"><strong>artigo para o&nbsp;<em>Gospel+<\/em><\/strong><\/a>, Marisa Lobo apontou que \u201co que existe s\u00e3o manifesta\u00e7\u00f5es de f\u00e9 da primeira-dama, e isto demonstra que Jana\u00edna est\u00e1 se baseando na express\u00e3o religiosa da esposa do presidente para acus\u00e1-la \u2018respeitosamente\u2019, pasmem\u2026 de causar \u2018divis\u00e3o religiosa\u2019 no pa\u00eds!\u201d.<\/p>\n\n\n\n<p>\u201cMichelle Bolsonaro tem plena liberdade de manifestar a sua f\u00e9 onde quer que esteja, porque ela \u00e9 uma cidad\u00e3 e n\u00e3o o Estado! As palavras da primeira-dama, por mais influente que ela seja devido ao t\u00edtulo que possui, n\u00e3o s\u00e3o diretrizes governamentais, mas algo pessoal e amparado tamb\u00e9m pela Constitui\u00e7\u00e3o\u201d, argumentou Marisa Lobo.<\/p>\n\n\n\n<p>\u201cEm outras palavras, n\u00e3o \u00e9 porque Michelle Bolsonaro ocupa o posto de primeira-dama do Brasil que ela possui menos direitos no tocante \u00e0 manifesta\u00e7\u00e3o da sua f\u00e9\u201d, finalizou.<\/p>\n\n\n\n<p>Fonte: gospelmais<\/p>\n","protected":false},"excerpt":{"rendered":"<p>Jana\u00edna Paschoal (PRTB-SP) fez um discurso sugerindo que a primeira-dama Michelle Bolsonaro estaria plantando \u201ca semente da divis\u00e3o religiosa\u201d no Brasil por suas publica\u00e7\u00f5es reprovando a rela\u00e7\u00e3o de proximidade que o ex-presidente Lula (PT) mant\u00e9m com religi\u00f5es africanas. Em um discurso na Assembleia Legislativa de S\u00e3o Paulo, a deputada estadual e pr\u00e9-candidata ao Senado se [&hellip;]<\/p>\n","protected":false},"author":2,"featured_media":12095,"comment_status":"open","ping_status":"open","sticky":false,"template":"","format":"standard","meta":[],"categories":[5],"tags":[13],"_links":{"self":[{"href":"https:\/\/dgospel.com.br\/portal\/index.php\/wp-json\/wp\/v2\/posts\/12094"}],"collection":[{"href":"https:\/\/dgospel.com.br\/portal\/index.php\/wp-json\/wp\/v2\/posts"}],"about":[{"href":"https:\/\/dgospel.com.br\/portal\/index.php\/wp-json\/wp\/v2\/types\/post"}],"author":[{"embeddable":true,"href":"https:\/\/dgospel.com.br\/portal\/index.php\/wp-json\/wp\/v2\/users\/2"}],"replies":[{"embeddable":true,"href":"https:\/\/dgospel.com.br\/portal\/index.php\/wp-json\/wp\/v2\/comments?post=12094"}],"version-history":[{"count":1,"href":"https:\/\/dgospel.com.br\/portal\/index.php\/wp-json\/wp\/v2\/posts\/12094\/revisions"}],"predecessor-version":[{"id":12096,"href":"https:\/\/dgospel.com.br\/portal\/index.php\/wp-json\/wp\/v2\/posts\/12094\/revisions\/12096"}],"wp:featuredmedia":[{"embeddable":true,"href":"https:\/\/dgospel.com.br\/portal\/index.php\/wp-json\/wp\/v2\/media\/12095"}],"wp:attachment":[{"href":"https:\/\/dgospel.com.br\/portal\/index.php\/wp-json\/wp\/v2\/media?parent=12094"}],"wp:term":[{"taxonomy":"category","embeddable":true,"href":"https:\/\/dgospel.com.br\/portal\/index.php\/wp-json\/wp\/v2\/categories?post=12094"},{"taxonomy":"post_tag","embeddable":true,"href":"https:\/\/dgospel.com.br\/portal\/index.php\/wp-json\/wp\/v2\/tags?post=12094"}],"curies":[{"name":"wp","href":"https:\/\/api.w.org\/{rel}","templated":true}]}}