{"id":12097,"date":"2022-08-12T12:00:35","date_gmt":"2022-08-12T15:00:35","guid":{"rendered":"http:\/\/dgospel.com.br\/portal\/?p=12097"},"modified":"2022-08-12T12:00:36","modified_gmt":"2022-08-12T15:00:36","slug":"50-dos-latinos-nos-eua-serao-evangelicos-ate-2030-dizem-pesquisadores","status":"publish","type":"post","link":"https:\/\/dgospel.com.br\/portal\/index.php\/2022\/08\/12\/50-dos-latinos-nos-eua-serao-evangelicos-ate-2030-dizem-pesquisadores\/","title":{"rendered":"50% dos latinos nos EUA ser\u00e3o evang\u00e9licos at\u00e9 2030, dizem pesquisadores"},"content":{"rendered":"\n<p><a href=\"https:\/\/guiame.com.br\/gospel\/mundo-cristao\/brasil-deixara-de-ter-maioria-catolica-ainda-este-ano-aponta-especialista.html\"><strong>Assim como no Brasil<\/strong><\/a>, os Estados Unidos t\u00eam visto um \u00eaxodo latino do catolicismo em dire\u00e7\u00e3o \u00e0s igrejas evang\u00e9licas. A porcentagem de&nbsp;<a href=\"https:\/\/guiame.com.br\/gospel\/mundo-cristao\/pesquisa-aponta-que-igrejas-evangelicas-latinas-crescem-mais-que-americanas.html\"><strong>latinos<\/strong><\/a>&nbsp;que se identificam como protestantes deve crescer de cerca de 25% agora para 50% at\u00e9 2030, dizem os pesquisadores.<\/p>\n\n\n\n<p>Uma reportagem da Axios publicada no s\u00e1bado (6) aponta que os evang\u00e9licos s\u00e3o mais propensos a se identificar como republicanos (um partido inclinado \u00e0 direita dos EUA) do que os cat\u00f3licos, de acordo com o Censo de Religi\u00e3o Americana de 2020 do Instituto de Pesquisa de Religi\u00e3o P\u00fablica.<\/p>\n\n\n\n<p>Enquanto isso, a porcentagem de latinos que se identificam como cat\u00f3licos caiu de 57%, dez anos atr\u00e1s, para 47% em 2018 e 2019, segundo o Pew Research Center. Isso pode ter reflexo tamb\u00e9m nos apoios pol\u00edticos na Am\u00e9rica.<\/p>\n\n\n\n<p>O Rev. Samuel Rodriguez Jr., que lidera a maior igreja evang\u00e9lica hisp\u00e2nica nos EUA, diz que os protestantes latinos v\u00e3o cada vez mais abandonar o Partido Democrata (mais inclinado \u00e0 esquerda) por causa de suas posi\u00e7\u00f5es sociais e econ\u00f4micas.<\/p>\n\n\n\n<p>Rodriguez lembra que os democratas n\u00e3o est\u00e3o abordando as ansiedades econ\u00f4micas que os latinos sentem.<\/p>\n\n\n\n<p><strong>Mudan\u00e7a pol\u00edtica<\/strong><\/p>\n\n\n\n<p>Alguns acad\u00eamicos concordam. Em um estudo publicado no in\u00edcio do ano, o soci\u00f3logo Gerardo Mart\u00ed observou que os protestantes latinos est\u00e3o desenvolvendo \u201cum apoio partid\u00e1rio que imita os eleitores conservadores brancos\u201d.<\/p>\n\n\n\n<p>\u201cAcho que veremos mais pessoas que v\u00eam de uma forma\u00e7\u00e3o evang\u00e9lica ou pentecostal latina muito forte, que est\u00e3o se movendo para posi\u00e7\u00f5es de lideran\u00e7a\u201d, disse Jonathan E. Calvillo, professor assistente da Escola de Teologia Candler na Emory University, em entrevista a Axios.<\/p>\n\n\n\n<p>Um em cada cinco protestantes hisp\u00e2nicos se identifica como republicano, em compara\u00e7\u00e3o com um em cada 10 cat\u00f3licos hisp\u00e2nicos, de acordo com o Instituto de Pesquisa de Religi\u00e3o P\u00fablica.<\/p>\n\n\n\n<p>Enquanto isso, 33% dos protestantes latinos e 41% dos cat\u00f3licos se identificam como democratas. J\u00e1 outros 42% dos cat\u00f3licos e protestantes dizem que s\u00e3o politicamente independentes.<\/p>\n","protected":false},"excerpt":{"rendered":"<p>Assim como no Brasil, os Estados Unidos t\u00eam visto um \u00eaxodo latino do catolicismo em dire\u00e7\u00e3o \u00e0s igrejas evang\u00e9licas. A porcentagem de&nbsp;latinos&nbsp;que se identificam como protestantes deve crescer de cerca de 25% agora para 50% at\u00e9 2030, dizem os pesquisadores. Uma reportagem da Axios publicada no s\u00e1bado (6) aponta que os evang\u00e9licos s\u00e3o mais propensos [&hellip;]<\/p>\n","protected":false},"author":2,"featured_media":12098,"comment_status":"open","ping_status":"open","sticky":false,"template":"","format":"standard","meta":[],"categories":[5,16],"tags":[],"_links":{"self":[{"href":"https:\/\/dgospel.com.br\/portal\/index.php\/wp-json\/wp\/v2\/posts\/12097"}],"collection":[{"href":"https:\/\/dgospel.com.br\/portal\/index.php\/wp-json\/wp\/v2\/posts"}],"about":[{"href":"https:\/\/dgospel.com.br\/portal\/index.php\/wp-json\/wp\/v2\/types\/post"}],"author":[{"embeddable":true,"href":"https:\/\/dgospel.com.br\/portal\/index.php\/wp-json\/wp\/v2\/users\/2"}],"replies":[{"embeddable":true,"href":"https:\/\/dgospel.com.br\/portal\/index.php\/wp-json\/wp\/v2\/comments?post=12097"}],"version-history":[{"count":1,"href":"https:\/\/dgospel.com.br\/portal\/index.php\/wp-json\/wp\/v2\/posts\/12097\/revisions"}],"predecessor-version":[{"id":12099,"href":"https:\/\/dgospel.com.br\/portal\/index.php\/wp-json\/wp\/v2\/posts\/12097\/revisions\/12099"}],"wp:featuredmedia":[{"embeddable":true,"href":"https:\/\/dgospel.com.br\/portal\/index.php\/wp-json\/wp\/v2\/media\/12098"}],"wp:attachment":[{"href":"https:\/\/dgospel.com.br\/portal\/index.php\/wp-json\/wp\/v2\/media?parent=12097"}],"wp:term":[{"taxonomy":"category","embeddable":true,"href":"https:\/\/dgospel.com.br\/portal\/index.php\/wp-json\/wp\/v2\/categories?post=12097"},{"taxonomy":"post_tag","embeddable":true,"href":"https:\/\/dgospel.com.br\/portal\/index.php\/wp-json\/wp\/v2\/tags?post=12097"}],"curies":[{"name":"wp","href":"https:\/\/api.w.org\/{rel}","templated":true}]}}