{"id":12101,"date":"2022-08-16T10:25:31","date_gmt":"2022-08-16T13:25:31","guid":{"rendered":"http:\/\/dgospel.com.br\/portal\/?p=12101"},"modified":"2022-08-25T08:41:30","modified_gmt":"2022-08-25T11:41:30","slug":"ataides-oliveira-participa-da-romaria-do-senhor-do-bonfim-em-natividade-e-relembra-apoio-dado-para-realizacao-do-evento","status":"publish","type":"post","link":"https:\/\/dgospel.com.br\/portal\/index.php\/2022\/08\/16\/ataides-oliveira-participa-da-romaria-do-senhor-do-bonfim-em-natividade-e-relembra-apoio-dado-para-realizacao-do-evento\/","title":{"rendered":"Vereador Rubens Uch\u00f4a solicita reforma da \u00e1rea esportiva da Quadra 403 Sul, em Palmas"},"content":{"rendered":"\n<p>O vereador Rubens Uch\u00f4a solicitou, atrav\u00e9s de um requerimento, a reforma da \u00e1rea esportiva da Quadra 403 Sul, Alameda 05, em Palmas, uma vez que o local se encontra sem condi\u00e7\u00f5es para a pr\u00e1tica de esportes.<\/p>\n\n\n\n<p>A reivindica\u00e7\u00e3o, de acordo com o parlamentar, \u00e9 uma forma de efetivar a garantia do direito assegurado constitucionalmente ao esporte e lazer.<\/p>\n\n\n\n<p>\u201cA reforma da quadra atender\u00e1 aos anseios e os desejos dos moradores, estudantes e popula\u00e7\u00e3o em geral, al\u00e9m de alavancar o desenvolvimento s\u00f3cio educacional, esportivo e cultural do munic\u00edpio\u201d, explicou.<\/p>\n\n\n\n<p><\/p>\n","protected":false},"excerpt":{"rendered":"<p>O vereador Rubens Uch\u00f4a solicitou, atrav\u00e9s de um requerimento, a reforma da \u00e1rea esportiva da Quadra 403 Sul, Alameda 05, em Palmas, uma vez que o local se encontra sem condi\u00e7\u00f5es para a pr\u00e1tica de esportes. A reivindica\u00e7\u00e3o, de acordo com o parlamentar, \u00e9 uma forma de efetivar a garantia do direito assegurado constitucionalmente ao [&hellip;]<\/p>\n","protected":false},"author":2,"featured_media":12216,"comment_status":"open","ping_status":"open","sticky":false,"template":"","format":"standard","meta":[],"categories":[8,3],"tags":[],"_links":{"self":[{"href":"https:\/\/dgospel.com.br\/portal\/index.php\/wp-json\/wp\/v2\/posts\/12101"}],"collection":[{"href":"https:\/\/dgospel.com.br\/portal\/index.php\/wp-json\/wp\/v2\/posts"}],"about":[{"href":"https:\/\/dgospel.com.br\/portal\/index.php\/wp-json\/wp\/v2\/types\/post"}],"author":[{"embeddable":true,"href":"https:\/\/dgospel.com.br\/portal\/index.php\/wp-json\/wp\/v2\/users\/2"}],"replies":[{"embeddable":true,"href":"https:\/\/dgospel.com.br\/portal\/index.php\/wp-json\/wp\/v2\/comments?post=12101"}],"version-history":[{"count":2,"href":"https:\/\/dgospel.com.br\/portal\/index.php\/wp-json\/wp\/v2\/posts\/12101\/revisions"}],"predecessor-version":[{"id":12217,"href":"https:\/\/dgospel.com.br\/portal\/index.php\/wp-json\/wp\/v2\/posts\/12101\/revisions\/12217"}],"wp:featuredmedia":[{"embeddable":true,"href":"https:\/\/dgospel.com.br\/portal\/index.php\/wp-json\/wp\/v2\/media\/12216"}],"wp:attachment":[{"href":"https:\/\/dgospel.com.br\/portal\/index.php\/wp-json\/wp\/v2\/media?parent=12101"}],"wp:term":[{"taxonomy":"category","embeddable":true,"href":"https:\/\/dgospel.com.br\/portal\/index.php\/wp-json\/wp\/v2\/categories?post=12101"},{"taxonomy":"post_tag","embeddable":true,"href":"https:\/\/dgospel.com.br\/portal\/index.php\/wp-json\/wp\/v2\/tags?post=12101"}],"curies":[{"name":"wp","href":"https:\/\/api.w.org\/{rel}","templated":true}]}}