{"id":12110,"date":"2022-08-16T10:51:00","date_gmt":"2022-08-16T13:51:00","guid":{"rendered":"http:\/\/dgospel.com.br\/portal\/?p=12110"},"modified":"2022-08-16T10:51:01","modified_gmt":"2022-08-16T13:51:01","slug":"feliciano-fala-sobre-o-pt-e-diz-temer-o-fechamento-de-igrejas","status":"publish","type":"post","link":"https:\/\/dgospel.com.br\/portal\/index.php\/2022\/08\/16\/feliciano-fala-sobre-o-pt-e-diz-temer-o-fechamento-de-igrejas\/","title":{"rendered":"Feliciano fala sobre o PT e diz temer o fechamento de igrejas"},"content":{"rendered":"\n<p>Nesta segunda-feira (15), setores da imprensa passaram a criticar o deputado federal Marco Feliciano (PL-SP) ap\u00f3s uma declara\u00e7\u00e3o \u00e0 CBN. O parlamentar falou sobre o risco de persegui\u00e7\u00e3o pol\u00edtica, que poderia culminar no fechamento de igrejas, em caso de uma vit\u00f3ria da esquerda nas elei\u00e7\u00f5es, o que deixou o PT \u201cindignado\u201d. Diante das acusa\u00e7\u00f5es de fake news, Feliciano decidiu se pronunciar.<\/p>\n\n\n\n<p>Em um posicionamento enviado \u00e0 colunista M\u00f4nica Bergamo, do jornal Folha de S.Paulo, o deputado disse ter ficado espantando com a maneira com a imprensa classificou sua opini\u00e3o como \u201cfake news\u201d. Para ele, o epis\u00f3dio mostra \u201cque a m\u00e1quina da grande imprensa est\u00e1 a servi\u00e7o da volta\u201d do petista \u00e0 Presid\u00eancia.<\/p>\n\n\n\n<p>Feliciano apontou que \u201cexistem muitas formas de se fechar uma igreja. Uma delas \u00e9 calando os pastores ou obrigando religiosos a terem condutas antib\u00edblicas. A igreja fisicamente estar\u00e1 aberta, mas na pr\u00e1tica estar\u00e1 fechada\u201d.<\/p>\n\n\n\n<p>O parlamentar ainda disse n\u00e3o ter medo de um processo do PT. \u201cSe o PT quer me processar por expressar minha opini\u00e3o e cren\u00e7as que processe! Nunca tive medo deles e sou eleito pelo povo de Deus justamente para combater o mal! E o PT \u00e9 a express\u00e3o viva do mal neste pa\u00eds, quer seja por ter saqueado a na\u00e7\u00e3o, quer seja por ter quebrado o Brasil com Dilma, quer seja por defender tudo o que n\u00e3o presta: aborto, legaliza\u00e7\u00e3o das drogas, relativiza\u00e7\u00e3o do furto, erotiza\u00e7\u00e3o da inf\u00e2ncia\u201d.<\/p>\n\n\n\n<p><strong>Leia a nota completa:<\/strong><\/p>\n\n\n\n<p><em>Minha cara M\u00f4nica,<\/em><\/p>\n\n\n\n<p><em>Registro aqui meu espanto pela imprensa sumariamente enquadrar minha opini\u00e3o como fake news. Isso s\u00f3 mostra que a m\u00e1quina da grande imprensa est\u00e1 a servi\u00e7o da volta do ex-presidi\u00e1rio ao Planalto! Isso dito, reitero firmemente que n\u00e3o apenas eu, como grande parte da comunidade evang\u00e9lica brasileira, tem muito receio de um governo encabe\u00e7ado por Lula. Afirmei \u00e0 CBN e reafirmo aqui que existem muitas formas de se fechar uma igreja. Uma delas \u00e9 calando os pastores ou obrigando religiosos a terem condutas antib\u00edblicas. A igreja fisicamente estar\u00e1 aberta, mas na pr\u00e1tica estar\u00e1 fechada!<\/em><\/p>\n\n\n\n<p><em>Se o PT quer me processar por expressar minha opini\u00e3o e cren\u00e7as que processe! Nunca tive medo deles e sou eleito pelo povo de Deus justamente para combater o mal! E o PT \u00e9 a express\u00e3o viva do mal neste pa\u00eds, quer seja por ter saqueado a na\u00e7\u00e3o, quer seja por ter quebrado o Brasil com Dilma, quer seja por defender tudo o que n\u00e3o presta: aborto, legaliza\u00e7\u00e3o das drogas, relativiza\u00e7\u00e3o do furto, erotiza\u00e7\u00e3o da inf\u00e2ncia.<\/em><\/p>\n\n\n\n<p><em>E v\u00e3o me dizer que \u00e9 essa gente, que defende essa pauta, que ir\u00e1 aliviar para a Igreja Evang\u00e9lica, que \u00e9 contra tudo o que eles pensam? Se no passado o governo do PT tentou quebrar as igrejas com interpreta\u00e7\u00f5es absurdas feitas pela Receita Federal, vai me dizer que agora, que somos a principal base de sustenta\u00e7\u00e3o social de Bolsonaro, v\u00e3o deixar barato? Se existem tr\u00eas grupos que t\u00eam que se cuidar no Brasil com os comunistas s\u00e3o evang\u00e9licos, militares e policiais. Se o PT ganhar a barra ir\u00e1 pesar!<\/em><\/p>\n","protected":false},"excerpt":{"rendered":"<p>Nesta segunda-feira (15), setores da imprensa passaram a criticar o deputado federal Marco Feliciano (PL-SP) ap\u00f3s uma declara\u00e7\u00e3o \u00e0 CBN. O parlamentar falou sobre o risco de persegui\u00e7\u00e3o pol\u00edtica, que poderia culminar no fechamento de igrejas, em caso de uma vit\u00f3ria da esquerda nas elei\u00e7\u00f5es, o que deixou o PT \u201cindignado\u201d. Diante das acusa\u00e7\u00f5es de [&hellip;]<\/p>\n","protected":false},"author":2,"featured_media":12111,"comment_status":"open","ping_status":"open","sticky":false,"template":"","format":"standard","meta":[],"categories":[8],"tags":[],"_links":{"self":[{"href":"https:\/\/dgospel.com.br\/portal\/index.php\/wp-json\/wp\/v2\/posts\/12110"}],"collection":[{"href":"https:\/\/dgospel.com.br\/portal\/index.php\/wp-json\/wp\/v2\/posts"}],"about":[{"href":"https:\/\/dgospel.com.br\/portal\/index.php\/wp-json\/wp\/v2\/types\/post"}],"author":[{"embeddable":true,"href":"https:\/\/dgospel.com.br\/portal\/index.php\/wp-json\/wp\/v2\/users\/2"}],"replies":[{"embeddable":true,"href":"https:\/\/dgospel.com.br\/portal\/index.php\/wp-json\/wp\/v2\/comments?post=12110"}],"version-history":[{"count":1,"href":"https:\/\/dgospel.com.br\/portal\/index.php\/wp-json\/wp\/v2\/posts\/12110\/revisions"}],"predecessor-version":[{"id":12112,"href":"https:\/\/dgospel.com.br\/portal\/index.php\/wp-json\/wp\/v2\/posts\/12110\/revisions\/12112"}],"wp:featuredmedia":[{"embeddable":true,"href":"https:\/\/dgospel.com.br\/portal\/index.php\/wp-json\/wp\/v2\/media\/12111"}],"wp:attachment":[{"href":"https:\/\/dgospel.com.br\/portal\/index.php\/wp-json\/wp\/v2\/media?parent=12110"}],"wp:term":[{"taxonomy":"category","embeddable":true,"href":"https:\/\/dgospel.com.br\/portal\/index.php\/wp-json\/wp\/v2\/categories?post=12110"},{"taxonomy":"post_tag","embeddable":true,"href":"https:\/\/dgospel.com.br\/portal\/index.php\/wp-json\/wp\/v2\/tags?post=12110"}],"curies":[{"name":"wp","href":"https:\/\/api.w.org\/{rel}","templated":true}]}}