{"id":12116,"date":"2022-08-16T11:02:53","date_gmt":"2022-08-16T14:02:53","guid":{"rendered":"http:\/\/dgospel.com.br\/portal\/?p=12116"},"modified":"2022-08-16T11:02:55","modified_gmt":"2022-08-16T14:02:55","slug":"presbitero-e-preso-e-desaparece-na-nicaragua-em-meio-a-repressao-de-aliado-de-lula","status":"publish","type":"post","link":"https:\/\/dgospel.com.br\/portal\/index.php\/2022\/08\/16\/presbitero-e-preso-e-desaparece-na-nicaragua-em-meio-a-repressao-de-aliado-de-lula\/","title":{"rendered":"Presb\u00edtero \u00e9 preso e desaparece na Nicar\u00e1gua, em meio a repress\u00e3o de aliado de Lula"},"content":{"rendered":"\n<p>O ditador da Nicar\u00e1gua, Daniel Ortega, estabeleceu forte repress\u00e3o aos opositores no pa\u00eds ap\u00f3s cr\u00edticas ao governo se tornarem mais intensas. Depois de fechar emissoras de r\u00e1dio crist\u00e3s, um presb\u00edtero est\u00e1 desaparecido e h\u00e1 relatos de igrejas sendo fechadas.<\/p>\n\n\n\n<p>O caso do presb\u00edtero \u00d3scar Benavidez, sacerdote da Par\u00f3quia Esp\u00edrito Santo, se tornou not\u00edcia internacional j\u00e1 que, ap\u00f3s sua pris\u00e3o pelas autoridades locais em meio \u00e0 repress\u00e3o ditatorial, seu paradeiro se tornou desconhecido.<\/p>\n\n\n\n<p>A diocese de Siuna, na Nicar\u00e1gua, denunciou nesta segunda-feira, 15 de agosto, que o sacerdote \u00e9 considerado desaparecido: \u201cEsperamos que as autoridades nos mantenham informados\u201d, disse a diocese, localizada no munic\u00edpio de Mulukuku, na Regi\u00e3o Aut\u00f4noma do Caribe Norte da Nicar\u00e1gua.<\/p>\n\n\n\n<p>A nota oficial acrescenta que Benavidez cumpria sua \u201c\u00fanica miss\u00e3o\u201d de \u201canunciar a boa nova de Jesus Cristo, que \u00e9 Palavra, vida e Salva\u00e7\u00e3o para todos\u201d.<\/p>\n\n\n\n<p>\u201cSegundo informa\u00e7\u00f5es, ele foi retirado de seu ve\u00edculo e levado em um cambur\u00e3o, com rumo desconhecido\u201d, apontou o Centro Nicaraguense de Direitos Humanos (Cenidh), de acordo com informa\u00e7\u00f5es do jornal&nbsp;<a target=\"_blank\" href=\"https:\/\/www.gazetadopovo.com.br\/mundo\/igreja-denuncia-prisao-e-desaparecimento-de-sacerdote-na-nicaragua\/\" rel=\"noreferrer noopener\"><em>Gazeta do Povo<\/em><\/a>.<\/p>\n\n\n\n<p>De acordo com o jornalista Claudio Dantas, do portal&nbsp;<a target=\"_blank\" href=\"https:\/\/oantagonista.uol.com.br\/opiniao\/o-amigo-de-lula-esta-fechando-igrejas\/\" rel=\"noreferrer noopener\"><em>O Antagonista<\/em><\/a>, \u201co regime de Ortega expulsou mission\u00e1rias, manteve um bispo em c\u00e1rcere privado e passou a bloquear o acesso de cidad\u00e3os a missas regulares. J\u00e1 h\u00e1 relatos de sequestros de padres\u201d.<\/p>\n\n\n\n<p>Benavidez \u00e9 o terceiro religioso preso neste ano na Nicar\u00e1gua, e o nono que fica sob cust\u00f3dia da pol\u00edcia, incluindo o bispo Rolando \u00c1lvarez (respons\u00e1vel por algumas das&nbsp;<a href=\"https:\/\/noticias.gospelmais.com.br\/nicaragua-aliado-lula-fecha-radios-cristas-156692.html\"><strong>emissoras de r\u00e1dio fechadas<\/strong><\/a>&nbsp;no pa\u00eds), al\u00e9m de outros cinco sacerdotes que est\u00e3o detidos desde o \u00faltimo dia 4.<\/p>\n\n\n\n<p>O ditador Daniel Ortega classifica os l\u00edderes religiosos crist\u00e3os como \u201cterroristas\u201d, por se oporem a seu governo, que se sustenta no poder desde 2007, silenciando a oposi\u00e7\u00e3o. Evang\u00e9licos nicaraguenses j\u00e1 protestam contra a ditadura h\u00e1 anos, com manifesta\u00e7\u00f5es de\u00a0<a href=\"https:\/\/noticias.gospelmais.com.br\/evangelicos-nicaragua-orar-contra-governo-socialista-102421.html\"><strong>ora\u00e7\u00e3o em vias p\u00fablicas do pa\u00eds<\/strong><\/a>.<\/p>\n\n\n\n<p>Lula, candidato \u00e0 presid\u00eancia pelo PT, \u00e9 um dos principais aliados do nicaraguense e chegou a comparar seu tempo no poder, com pris\u00e3o de opositores e advers\u00e1rios pol\u00edticos, ao mandato da chanceler alem\u00e3 Angela Merkel, que deixou o poder no final de 2021 ap\u00f3s um longo per\u00edodo sendo mantida na fun\u00e7\u00e3o de chefe de Estado por liderar uma coaliz\u00e3o de partidos em um sistema parlamentarista.<\/p>\n\n\n\n<p>O governo brasileiro, liderado pelo presidente Jair Bolsonaro (PL), advers\u00e1rio de Lula, repudiou a repress\u00e3o atrav\u00e9s de nota do Minist\u00e9rio das Rela\u00e7\u00f5es Exteriores, com especial desaprova\u00e7\u00e3o ao \u201cuso abusivo da viol\u00eancia policial contra l\u00edderes religiosos e fi\u00e9is\u201d.<\/p>\n\n\n\n<p>\u201cA medida constitui mais um severo golpe ao espa\u00e7o c\u00edvico na Nicar\u00e1gua e viola o direito \u00e0 liberdade de religi\u00e3o ou cren\u00e7a, assim como \u00e0 liberdade de opini\u00e3o e de express\u00e3o\u201d, acrescenta a nota, que acompanhou manifesta\u00e7\u00f5es contr\u00e1rias \u00e0 \u201cdecis\u00e3o arbitr\u00e1ria\u201d de Ortega por parte da Uni\u00e3o Europeia e dos Estados Unidos.<\/p>\n\n\n\n<p><\/p>\n","protected":false},"excerpt":{"rendered":"<p>O ditador da Nicar\u00e1gua, Daniel Ortega, estabeleceu forte repress\u00e3o aos opositores no pa\u00eds ap\u00f3s cr\u00edticas ao governo se tornarem mais intensas. Depois de fechar emissoras de r\u00e1dio crist\u00e3s, um presb\u00edtero est\u00e1 desaparecido e h\u00e1 relatos de igrejas sendo fechadas. O caso do presb\u00edtero \u00d3scar Benavidez, sacerdote da Par\u00f3quia Esp\u00edrito Santo, se tornou not\u00edcia internacional j\u00e1 [&hellip;]<\/p>\n","protected":false},"author":2,"featured_media":12117,"comment_status":"open","ping_status":"open","sticky":false,"template":"","format":"standard","meta":[],"categories":[16],"tags":[],"_links":{"self":[{"href":"https:\/\/dgospel.com.br\/portal\/index.php\/wp-json\/wp\/v2\/posts\/12116"}],"collection":[{"href":"https:\/\/dgospel.com.br\/portal\/index.php\/wp-json\/wp\/v2\/posts"}],"about":[{"href":"https:\/\/dgospel.com.br\/portal\/index.php\/wp-json\/wp\/v2\/types\/post"}],"author":[{"embeddable":true,"href":"https:\/\/dgospel.com.br\/portal\/index.php\/wp-json\/wp\/v2\/users\/2"}],"replies":[{"embeddable":true,"href":"https:\/\/dgospel.com.br\/portal\/index.php\/wp-json\/wp\/v2\/comments?post=12116"}],"version-history":[{"count":1,"href":"https:\/\/dgospel.com.br\/portal\/index.php\/wp-json\/wp\/v2\/posts\/12116\/revisions"}],"predecessor-version":[{"id":12118,"href":"https:\/\/dgospel.com.br\/portal\/index.php\/wp-json\/wp\/v2\/posts\/12116\/revisions\/12118"}],"wp:featuredmedia":[{"embeddable":true,"href":"https:\/\/dgospel.com.br\/portal\/index.php\/wp-json\/wp\/v2\/media\/12117"}],"wp:attachment":[{"href":"https:\/\/dgospel.com.br\/portal\/index.php\/wp-json\/wp\/v2\/media?parent=12116"}],"wp:term":[{"taxonomy":"category","embeddable":true,"href":"https:\/\/dgospel.com.br\/portal\/index.php\/wp-json\/wp\/v2\/categories?post=12116"},{"taxonomy":"post_tag","embeddable":true,"href":"https:\/\/dgospel.com.br\/portal\/index.php\/wp-json\/wp\/v2\/tags?post=12116"}],"curies":[{"name":"wp","href":"https:\/\/api.w.org\/{rel}","templated":true}]}}