{"id":12125,"date":"2022-08-16T11:50:24","date_gmt":"2022-08-16T14:50:24","guid":{"rendered":"http:\/\/dgospel.com.br\/portal\/?p=12125"},"modified":"2022-08-16T11:50:26","modified_gmt":"2022-08-16T14:50:26","slug":"video-de-estreia-da-campanha-de-bolsonaro-convida-povo-as-ruas","status":"publish","type":"post","link":"https:\/\/dgospel.com.br\/portal\/index.php\/2022\/08\/16\/video-de-estreia-da-campanha-de-bolsonaro-convida-povo-as-ruas\/","title":{"rendered":"V\u00eddeo de estreia da campanha de Bolsonaro convida povo \u00e0s ruas"},"content":{"rendered":"\n<p>Com o mote \u201cPelo Bem do Brasil\u201d, o primeiro v\u00eddeo de campanha do presidente Jair Bolsonaro (PL) conclama a popula\u00e7\u00e3o para ir \u00e0s ruas de verde e amarelo, com \u201cliberdade\u201d, \u201cverdade\u201d e \u201cf\u00e9\u201d. A pe\u00e7a tem dura\u00e7\u00e3o de 1 minuto e 52 segundos e ser\u00e1 divulgada nas redes sociais a partir desta ter\u00e7a-feira (16).<\/p>\n\n\n\n<p>\u2013 Chegou a hora! A campanha do capit\u00e3o do povo j\u00e1 come\u00e7ou e a gente tem que acordar com uma vontade enorme de seguir acreditando nesse novo Brasil. Temos que ir para as ruas todos juntos, com a nossa liberdade, nossa verdade e nossa f\u00e9. Se precisar a gente vai colocar o verde o amarelo na cara sim, porque \u00e9 a cor da nossa bandeira \u2013 diz o narrador do v\u00eddeo, que foi obtido previamente pelo portal Poder360.<\/p>\n\n\n\n<p>A pe\u00e7a ainda exibe trechos do discurso do chefe do Executivo durante a conven\u00e7\u00e3o de lan\u00e7amento de sua candidatura \u00e0 reelei\u00e7\u00e3o. A declara\u00e7\u00e3o do presidente que foi escolhida para ser exibida traz a defesa de um \u201cpovo forte\u201d em rela\u00e7\u00e3o ao Estado.<\/p>\n\n\n\n<p>\u2013 A vida de ningu\u00e9m \u00e9 f\u00e1cil e, para superar as dificuldades, quem deve estar na frente \u00e9 cada um de voc\u00eas. N\u00e3o \u00e9 o presidente, o governador ou o prefeito. A nossa miss\u00e3o \u00e9 n\u00e3o atrapalhar a vida de voc\u00eas. \u00c9 cada vez mais tirar o Estado de cima de voc\u00eas. Estado forte, povo fraco. Povo forte, estado forte \u2013 declara Bolsonaro.<\/p>\n\n\n\n<p>A inser\u00e7\u00e3o tamb\u00e9m traz cenas do presidente em contato com a popula\u00e7\u00e3o, inclusive em motociatas. Confira o v\u00eddeo completo abaixo:<\/p>\n\n\n\n<figure class=\"wp-block-embed is-type-video is-provider-youtube wp-block-embed-youtube wp-embed-aspect-16-9 wp-has-aspect-ratio\"><div class=\"wp-block-embed__wrapper\">\n<iframe loading=\"lazy\" title=\"Comercial Jair Bolsonaro (PL) 2022 - \u201cPelo bem do Brasil\u201d\" width=\"630\" height=\"354\" src=\"https:\/\/www.youtube.com\/embed\/LnwStzP2Wwg?feature=oembed\" frameborder=\"0\" allow=\"accelerometer; autoplay; clipboard-write; encrypted-media; gyroscope; picture-in-picture\" allowfullscreen><\/iframe>\n<\/div><\/figure>\n","protected":false},"excerpt":{"rendered":"<p>Com o mote \u201cPelo Bem do Brasil\u201d, o primeiro v\u00eddeo de campanha do presidente Jair Bolsonaro (PL) conclama a popula\u00e7\u00e3o para ir \u00e0s ruas de verde e amarelo, com \u201cliberdade\u201d, \u201cverdade\u201d e \u201cf\u00e9\u201d. A pe\u00e7a tem dura\u00e7\u00e3o de 1 minuto e 52 segundos e ser\u00e1 divulgada nas redes sociais a partir desta ter\u00e7a-feira (16). \u2013 [&hellip;]<\/p>\n","protected":false},"author":2,"featured_media":12126,"comment_status":"open","ping_status":"open","sticky":false,"template":"","format":"standard","meta":[],"categories":[4],"tags":[],"_links":{"self":[{"href":"https:\/\/dgospel.com.br\/portal\/index.php\/wp-json\/wp\/v2\/posts\/12125"}],"collection":[{"href":"https:\/\/dgospel.com.br\/portal\/index.php\/wp-json\/wp\/v2\/posts"}],"about":[{"href":"https:\/\/dgospel.com.br\/portal\/index.php\/wp-json\/wp\/v2\/types\/post"}],"author":[{"embeddable":true,"href":"https:\/\/dgospel.com.br\/portal\/index.php\/wp-json\/wp\/v2\/users\/2"}],"replies":[{"embeddable":true,"href":"https:\/\/dgospel.com.br\/portal\/index.php\/wp-json\/wp\/v2\/comments?post=12125"}],"version-history":[{"count":1,"href":"https:\/\/dgospel.com.br\/portal\/index.php\/wp-json\/wp\/v2\/posts\/12125\/revisions"}],"predecessor-version":[{"id":12127,"href":"https:\/\/dgospel.com.br\/portal\/index.php\/wp-json\/wp\/v2\/posts\/12125\/revisions\/12127"}],"wp:featuredmedia":[{"embeddable":true,"href":"https:\/\/dgospel.com.br\/portal\/index.php\/wp-json\/wp\/v2\/media\/12126"}],"wp:attachment":[{"href":"https:\/\/dgospel.com.br\/portal\/index.php\/wp-json\/wp\/v2\/media?parent=12125"}],"wp:term":[{"taxonomy":"category","embeddable":true,"href":"https:\/\/dgospel.com.br\/portal\/index.php\/wp-json\/wp\/v2\/categories?post=12125"},{"taxonomy":"post_tag","embeddable":true,"href":"https:\/\/dgospel.com.br\/portal\/index.php\/wp-json\/wp\/v2\/tags?post=12125"}],"curies":[{"name":"wp","href":"https:\/\/api.w.org\/{rel}","templated":true}]}}