{"id":12128,"date":"2022-08-17T23:00:03","date_gmt":"2022-08-18T02:00:03","guid":{"rendered":"http:\/\/dgospel.com.br\/portal\/?p=12128"},"modified":"2022-08-17T23:00:04","modified_gmt":"2022-08-18T02:00:04","slug":"gipao-comeca-campanha-a-deputado-estadual-recebendo-apoio-de-grandes-liderancas-de-araguaina","status":"publish","type":"post","link":"https:\/\/dgospel.com.br\/portal\/index.php\/2022\/08\/17\/gipao-comeca-campanha-a-deputado-estadual-recebendo-apoio-de-grandes-liderancas-de-araguaina\/","title":{"rendered":"Gip\u00e3o come\u00e7a campanha a deputado estadual recebendo apoio de grandes lideran\u00e7as de Aragua\u00edna"},"content":{"rendered":"\n<p>Este dia 16 de agosto marcou, definitivamente, o in\u00edcio da campanha eleitoral em todo o pa\u00eds. \u00c9 o momento em que cada candidato arrega\u00e7a as mangas para convencer os eleitores e obter os votos necess\u00e1rios para seus respectivos cargos almejados, enquanto o povo tem a oportunidade de analisar e decidir qual deles ser\u00e1 seu melhor representante.<\/p>\n\n\n\n<p>Em Aragua\u00edna, Aldair Costa Sousa (Gip\u00e3o), candidato a deputado estadual pelo PL, articula com importantes lideran\u00e7as, tanto da pr\u00f3pria cidade quanto de todo o estado para consolidar apoios ao seu projeto.<\/p>\n\n\n\n<p>J\u00e1 no primeiro dia de campanha reuniu-se com o terapeuta, empres\u00e1rio e pastor Bueno J\u00fanior; Suzana Salazar, ex-reitora de uma universidade particular; o professor Jos\u00e9 da Guia e os suplentes de vereador, Deoclides da Silva e Leonardo Lima. Todos declaram apoio ao candidato.<\/p>\n\n\n\n<p>\u201cTive a honra e alegria de obter apoio de todos esses l\u00edderes, ap\u00f3s uma reuni\u00e3o muito produtiva. \u00c9 um in\u00edcio de campanha que supera minhas expectativas. Cada um desses l\u00edderes soma muito nessa campanha e fortalece o projeto. Agora \u00e9 seguir em frente, buscando cada voto para que em outubro, com a gra\u00e7a de Deus, a vit\u00f3ria seja alcan\u00e7ada\u201d, disse Gip\u00e3o.<\/p>\n\n\n\n<p>Leornado Lima, que inclusive foi vereador junto com Aldair, entre 2017 e 2020, destacou a conviv\u00eancia que teve com ele na C\u00e2mara Municipal de Aragua\u00edna.<\/p>\n\n\n\n<p>\u201cEu decidi apoiar o Gip\u00e3o pelo conhecimento que eu tive com ele durante os quatro anos na c\u00e2mara. E convivi, de perto, vendo o Gip\u00e3o l\u00edder do prefeito Ronaldo Dimas e presidente da c\u00e2mara. Sei da sua postura e sei tamb\u00e9m que ele tem muito a contribuir com o Estado do Tocantins\u201d, disse Lima.<\/p>\n\n\n\n<p>O pastor Bueno J\u00fanior justifica seu apoio ressaltando a identifica\u00e7\u00e3o que tem com o candidato.<\/p>\n\n\n\n<p>\u201cGip\u00e3o \u00e9 uma figura que tem forte representatividade junto \u00e0 comunidade evang\u00e9lica da nossa cidade e isso tem a ver com minha rotina enquanto l\u00edder de igreja que sou. \u00c9 uma pessoa acess\u00edvel, que intermediou entre igrejas e o poder p\u00fablico em v\u00e1rias oportunidades, inclusive em situa\u00e7\u00f5es delicadas. Ent\u00e3o ele tem respaldo e legitimidade para buscar um cargo pol\u00edtico mais expressivo e ter\u00e1 meu apoio nessa caminhada\u201d, afirmou o l\u00edder religioso.<\/p>\n\n\n\n<p><strong>Elei\u00e7\u00f5es<\/strong><\/p>\n\n\n\n<p>Dia 2 de outubro, os tocantinenses ir\u00e3o decidir entre os v\u00e1rios nomes que est\u00e3o \u00e0 disposi\u00e7\u00e3o, para deputado estadual e governador, al\u00e9m dos nomes que disputam na esfera federal: deputado federal, senador e presidente.<\/p>\n\n\n\n<p>Gip\u00e3o est\u00e1 na coliga\u00e7\u00e3o \u201cA Transforma\u00e7\u00e3o que o Tocantins Precisa\u201d, composta pelos partidos PL, Podemos e MDB e encabe\u00e7ada por Ronaldo Dimas, candidato ao governo do estado.<\/p>\n","protected":false},"excerpt":{"rendered":"<p>Este dia 16 de agosto marcou, definitivamente, o in\u00edcio da campanha eleitoral em todo o pa\u00eds. \u00c9 o momento em que cada candidato arrega\u00e7a as mangas para convencer os eleitores e obter os votos necess\u00e1rios para seus respectivos cargos almejados, enquanto o povo tem a oportunidade de analisar e decidir qual deles ser\u00e1 seu melhor [&hellip;]<\/p>\n","protected":false},"author":2,"featured_media":12129,"comment_status":"open","ping_status":"open","sticky":false,"template":"","format":"standard","meta":[],"categories":[4],"tags":[13],"_links":{"self":[{"href":"https:\/\/dgospel.com.br\/portal\/index.php\/wp-json\/wp\/v2\/posts\/12128"}],"collection":[{"href":"https:\/\/dgospel.com.br\/portal\/index.php\/wp-json\/wp\/v2\/posts"}],"about":[{"href":"https:\/\/dgospel.com.br\/portal\/index.php\/wp-json\/wp\/v2\/types\/post"}],"author":[{"embeddable":true,"href":"https:\/\/dgospel.com.br\/portal\/index.php\/wp-json\/wp\/v2\/users\/2"}],"replies":[{"embeddable":true,"href":"https:\/\/dgospel.com.br\/portal\/index.php\/wp-json\/wp\/v2\/comments?post=12128"}],"version-history":[{"count":1,"href":"https:\/\/dgospel.com.br\/portal\/index.php\/wp-json\/wp\/v2\/posts\/12128\/revisions"}],"predecessor-version":[{"id":12130,"href":"https:\/\/dgospel.com.br\/portal\/index.php\/wp-json\/wp\/v2\/posts\/12128\/revisions\/12130"}],"wp:featuredmedia":[{"embeddable":true,"href":"https:\/\/dgospel.com.br\/portal\/index.php\/wp-json\/wp\/v2\/media\/12129"}],"wp:attachment":[{"href":"https:\/\/dgospel.com.br\/portal\/index.php\/wp-json\/wp\/v2\/media?parent=12128"}],"wp:term":[{"taxonomy":"category","embeddable":true,"href":"https:\/\/dgospel.com.br\/portal\/index.php\/wp-json\/wp\/v2\/categories?post=12128"},{"taxonomy":"post_tag","embeddable":true,"href":"https:\/\/dgospel.com.br\/portal\/index.php\/wp-json\/wp\/v2\/tags?post=12128"}],"curies":[{"name":"wp","href":"https:\/\/api.w.org\/{rel}","templated":true}]}}