{"id":12131,"date":"2022-08-17T23:02:10","date_gmt":"2022-08-18T02:02:10","guid":{"rendered":"http:\/\/dgospel.com.br\/portal\/?p=12131"},"modified":"2022-08-17T23:02:11","modified_gmt":"2022-08-18T02:02:11","slug":"mpe-cobra-certidao-criminal-de-lula-e-candidatura-e-ameacada","status":"publish","type":"post","link":"https:\/\/dgospel.com.br\/portal\/index.php\/2022\/08\/17\/mpe-cobra-certidao-criminal-de-lula-e-candidatura-e-ameacada\/","title":{"rendered":"MPE cobra certid\u00e3o criminal de Lula, e candidatura \u00e9 amea\u00e7ada"},"content":{"rendered":"\n<p>Candidato ao Pal\u00e1cio do Planalto, o ex-presidente Luiz In\u00e1cio Lula da Silva (PT) corre riscos de ter sua candidatura impugnada pelo Minist\u00e9rio P\u00fablico Eleitoral. O vice-procurador-geral Paulo Gonet cobrou, em despacho enviado a coliga\u00e7\u00e3o Brasil da Esperan\u00e7a na segunda-feira (15), a apresenta\u00e7\u00e3o, por parte do petista, das certid\u00f5es criminais de primeira e segunda inst\u00e2ncia dos 12 processos em que ele est\u00e1 envolvido.<\/p>\n\n\n\n<p>A entrega dos documentos \u00e9 primordial para que Lula n\u00e3o seja enquadrado na lei da Ficha Limpa por eventuais condena\u00e7\u00f5es em segunda inst\u00e2ncia. No despacho, Gonet Branco diz que pode impugnar a candidatura caso as certid\u00f5es n\u00e3o sejam apresentadas. A informa\u00e7\u00e3o \u00e9 do O Antagonista.<\/p>\n\n\n\n<p>\u2013 O candidato limitou-se a juntar certid\u00f5es criminais alusivas a execu\u00e7\u00f5es criminais, faltando as certid\u00f5es criminais de 1\u00aa e 2\u00aa inst\u00e2ncias da Justi\u00e7a Estadual, expedidas para fins eleitorais \u2013 argumentou o procurador.<\/p>\n\n\n\n<p>Nesta quarta-feira (17), em entrevista \u00e0 R\u00e1dio Super FM, de Belo Horizonte, o ex-presidente criticou a Lei da Ficha Limpa. Lula disse que pretende \u201crediscutir\u201d a proposta aprovada em 2010 em um eventual terceiro mandato.<\/p>\n\n\n\n<p>\u2013 Eu acho que foi uma bobagem a gente fazer a Lei da Ficha Limpa tal qual ela foi feita. Ou seja, muitas vezes voc\u00ea pune uma pessoa e tr\u00eas meses depois essa pessoa readquire o seu direito de ser candidato. Acho que \u00e9 preciso rediscutir a lei da Ficha Limpa \u2013 disse o ex-presidente da Rep\u00fablica.<\/p>\n\n\n\n<p>Com mais de um milh\u00e3o de assinaturas, a lei da Ficha Limpa chegou ao Congresso Nacional para tentar barrar a candidatura de condenados por cortes colegiadas. Lula, ap\u00f3s ter sido condenado pela Lava Jato, foi um dos alvos da norma.<\/p>\n","protected":false},"excerpt":{"rendered":"<p>Candidato ao Pal\u00e1cio do Planalto, o ex-presidente Luiz In\u00e1cio Lula da Silva (PT) corre riscos de ter sua candidatura impugnada pelo Minist\u00e9rio P\u00fablico Eleitoral. O vice-procurador-geral Paulo Gonet cobrou, em despacho enviado a coliga\u00e7\u00e3o Brasil da Esperan\u00e7a na segunda-feira (15), a apresenta\u00e7\u00e3o, por parte do petista, das certid\u00f5es criminais de primeira e segunda inst\u00e2ncia dos [&hellip;]<\/p>\n","protected":false},"author":2,"featured_media":12132,"comment_status":"open","ping_status":"open","sticky":false,"template":"","format":"standard","meta":[],"categories":[4],"tags":[14],"_links":{"self":[{"href":"https:\/\/dgospel.com.br\/portal\/index.php\/wp-json\/wp\/v2\/posts\/12131"}],"collection":[{"href":"https:\/\/dgospel.com.br\/portal\/index.php\/wp-json\/wp\/v2\/posts"}],"about":[{"href":"https:\/\/dgospel.com.br\/portal\/index.php\/wp-json\/wp\/v2\/types\/post"}],"author":[{"embeddable":true,"href":"https:\/\/dgospel.com.br\/portal\/index.php\/wp-json\/wp\/v2\/users\/2"}],"replies":[{"embeddable":true,"href":"https:\/\/dgospel.com.br\/portal\/index.php\/wp-json\/wp\/v2\/comments?post=12131"}],"version-history":[{"count":1,"href":"https:\/\/dgospel.com.br\/portal\/index.php\/wp-json\/wp\/v2\/posts\/12131\/revisions"}],"predecessor-version":[{"id":12133,"href":"https:\/\/dgospel.com.br\/portal\/index.php\/wp-json\/wp\/v2\/posts\/12131\/revisions\/12133"}],"wp:featuredmedia":[{"embeddable":true,"href":"https:\/\/dgospel.com.br\/portal\/index.php\/wp-json\/wp\/v2\/media\/12132"}],"wp:attachment":[{"href":"https:\/\/dgospel.com.br\/portal\/index.php\/wp-json\/wp\/v2\/media?parent=12131"}],"wp:term":[{"taxonomy":"category","embeddable":true,"href":"https:\/\/dgospel.com.br\/portal\/index.php\/wp-json\/wp\/v2\/categories?post=12131"},{"taxonomy":"post_tag","embeddable":true,"href":"https:\/\/dgospel.com.br\/portal\/index.php\/wp-json\/wp\/v2\/tags?post=12131"}],"curies":[{"name":"wp","href":"https:\/\/api.w.org\/{rel}","templated":true}]}}