{"id":12137,"date":"2022-08-17T23:06:55","date_gmt":"2022-08-18T02:06:55","guid":{"rendered":"http:\/\/dgospel.com.br\/portal\/?p=12137"},"modified":"2022-08-17T23:06:56","modified_gmt":"2022-08-18T02:06:56","slug":"marco-aurelio-sobre-discurso-de-posse-de-moraes-agressivo","status":"publish","type":"post","link":"https:\/\/dgospel.com.br\/portal\/index.php\/2022\/08\/17\/marco-aurelio-sobre-discurso-de-posse-de-moraes-agressivo\/","title":{"rendered":"Marco Aur\u00e9lio sobre discurso de posse de Moraes: \u201cAgressivo\u201d"},"content":{"rendered":"\n<p>O discurso que o ministro do Supremo Tribunal Federal (STF), Alexandre de Moraes, fez durante sua posse como novo presidente do Tribunal Superior Eleitoral (TSE) foi criticado pelo ex-ministro da Corte, Marco Aur\u00e9lio Mello.<\/p>\n\n\n\n<p>Mello, que esteve na cerim\u00f4nia, disse ao blog de Vera Magalh\u00e3es, do jornal O Globo, que presenciou um \u201cnefasto acontecimento\u201d.<\/p>\n\n\n\n<p>\u2013 \u00c9 costume o anfitri\u00e3o receber com tapete vermelho os convidados, especialmente o dirigente maior do pa\u00eds. O discurso do empossado foi agressivo, em nada contribuindo para o almejado entendimento. Perderam as duas Institui\u00e7\u00f5es, o Tribunal Superior Eleitoral e a Presid\u00eancia da Rep\u00fablica, perdeu esta sofrida Rep\u00fablica, perdeu o Brasil. Que tristeza. E fui, com muita dor, testemunha do nefasto acontecimento \u2013 comentou.<\/p>\n\n\n\n<figure class=\"wp-block-image\"><img src=\"https:\/\/static.cdn.pleno.news\/2022\/08\/52291070433_f8e92e798d_c-768x512.jpg\" alt=\"Solenidade de posse de Alexandre de Moraes ao cargo de presidente do TSE\" title=\"Solenidade de posse de Alexandre de Moraes ao cargo de presidente do TSE\"\/><figcaption>Solenidade de posse de Alexandre de Moraes ao cargo de presidente do TSE&nbsp;\/ Foto: Isac N\u00f3brega\/PR<\/figcaption><\/figure>\n\n\n\n<figure class=\"wp-block-image\"><img src=\"https:\/\/static.cdn.pleno.news\/2022\/08\/52291335984_6b3fe317f2_c-768x512.jpg\" alt=\"Solenidade de posse de Alexandre de Moraes ao cargo de presidente do TSE\" title=\"Solenidade de posse de Alexandre de Moraes ao cargo de presidente do TSE\"\/><figcaption>Solenidade de posse de Alexandre de Moraes ao cargo de presidente do TSE&nbsp;\/ Foto: Isac N\u00f3brega\/PR<\/figcaption><\/figure>\n\n\n\n<figure class=\"wp-block-image\"><img src=\"https:\/\/static.cdn.pleno.news\/2022\/08\/52290095902_3b6e1c2d69_c-768x512.jpg\" alt=\"Solenidade de posse de Alexandre de Moraes ao cargo de presidente do TSE\" title=\"Solenidade de posse de Alexandre de Moraes ao cargo de presidente do TSE\"\/><figcaption>Solenidade de posse de Alexandre de Moraes ao cargo de presidente do TSE&nbsp;\/ Foto: Isac N\u00f3brega\/PR<\/figcaption><\/figure>\n\n\n\n<figure class=\"wp-block-image\"><img src=\"https:\/\/static.cdn.pleno.news\/2022\/08\/52291562170_eab40b2ff1_c-768x512.jpg\" alt=\"Solenidade de posse de Alexandre de Moraes ao cargo de presidente do TSE\" title=\"Solenidade de posse de Alexandre de Moraes ao cargo de presidente do TSE\"\/><figcaption>Solenidade de posse de Alexandre de Moraes ao cargo de presidente do TSE&nbsp;\/ Foto: Isac N\u00f3brega\/PR<\/figcaption><\/figure>\n\n\n\n<figure class=\"wp-block-image\"><img src=\"https:\/\/static.cdn.pleno.news\/2022\/08\/52291562030_cf70c199a2_c-768x512.jpg\" alt=\"Solenidade de posse de Alexandre de Moraes ao cargo de presidente do TSE\" title=\"Solenidade de posse de Alexandre de Moraes ao cargo de presidente do TSE\"\/><figcaption>Solenidade de posse de Alexandre de Moraes ao cargo de presidente do TSE&nbsp;\/ Foto: Isac N\u00f3brega\/PR<\/figcaption><\/figure>\n\n\n\n<figure class=\"wp-block-image\"><img src=\"https:\/\/static.cdn.pleno.news\/2022\/08\/52291073883_ac2216c27b_c-768x512.jpg\" alt=\"Solenidade de posse de Alexandre de Moraes ao cargo de presidente do TSE\" title=\"Solenidade de posse de Alexandre de Moraes ao cargo de presidente do TSE\"\/><figcaption>Solenidade de posse de Alexandre de Moraes ao cargo de presidente do TSE&nbsp;\/ Foto: Isac N\u00f3brega\/PR<\/figcaption><\/figure>\n\n\n\n<figure class=\"wp-block-image\"><img src=\"https:\/\/static.cdn.pleno.news\/2022\/08\/52290095782_58c5c97c26_c-768x512.jpg\" alt=\"Solenidade de posse de Alexandre de Moraes ao cargo de presidente do TSE\" title=\"Solenidade de posse de Alexandre de Moraes ao cargo de presidente do TSE\"\/><figcaption>Solenidade de posse de Alexandre de Moraes ao cargo de presidente do TSE&nbsp;\/ Foto: Isac N\u00f3brega\/PR<\/figcaption><\/figure>\n\n\n\n<figure class=\"wp-block-image\"><img src=\"https:\/\/static.cdn.pleno.news\/2022\/08\/52291333054_ae40f681b9_c-768x512.jpg\" alt=\"Solenidade de posse de Alexandre de Moraes ao cargo de presidente do TSE\" title=\"Solenidade de posse de Alexandre de Moraes ao cargo de presidente do TSE\"\/><figcaption>Solenidade de posse de Alexandre de Moraes ao cargo de presidente do TSE&nbsp;\/ Foto: Isac N\u00f3brega\/PR<\/figcaption><\/figure>\n\n\n\n<figure class=\"wp-block-image\"><img src=\"https:\/\/static.cdn.pleno.news\/2022\/08\/52291334259_0c813227ed_c-768x512.jpg\" alt=\"Solenidade de posse de Alexandre de Moraes ao cargo de presidente do TSE\" title=\"Solenidade de posse de Alexandre de Moraes ao cargo de presidente do TSE\"\/><figcaption>Solenidade de posse de Alexandre de Moraes ao cargo de presidente do TSE&nbsp;\/ Foto: Isac N\u00f3brega\/PR<\/figcaption><\/figure>\n\n\n\n<figure class=\"wp-block-image\"><img src=\"https:\/\/static.cdn.pleno.news\/2022\/08\/52291560805_d6ed257747_c-768x512.jpg\" alt=\"Solenidade de posse de Alexandre de Moraes ao cargo de presidente do TSE\" title=\"Solenidade de posse de Alexandre de Moraes ao cargo de presidente do TSE\"\/><figcaption>Solenidade de posse de Alexandre de Moraes ao cargo de presidente do TSE&nbsp;\/ Foto: Isac N\u00f3brega\/PR<\/figcaption><\/figure>\n\n\n\n<figure class=\"wp-block-image\"><img src=\"https:\/\/static.cdn.pleno.news\/2022\/08\/52291560385_4cd93972f2_c-768x512.jpg\" alt=\"Solenidade de posse de Alexandre de Moraes ao cargo de presidente do TSE\" title=\"Solenidade de posse de Alexandre de Moraes ao cargo de presidente do TSE\"\/><figcaption>Solenidade de posse de Alexandre de Moraes ao cargo de presidente do TSE&nbsp;\/ Foto: Isac N\u00f3brega\/PR<\/figcaption><\/figure>\n\n\n\n<figure class=\"wp-block-image\"><img src=\"https:\/\/static.cdn.pleno.news\/2022\/08\/52291560030_89ef731f9f_c-768x512.jpg\" alt=\"Solenidade de posse de Alexandre de Moraes ao cargo de presidente do TSE\" title=\"Solenidade de posse de Alexandre de Moraes ao cargo de presidente do TSE\"\/><figcaption>Solenidade de posse de Alexandre de Moraes ao cargo de presidente do TSE&nbsp;\/ Foto: Isac N\u00f3brega\/PR<\/figcaption><\/figure>\n\n\n\n<figure class=\"wp-block-image\"><img src=\"https:\/\/static.cdn.pleno.news\/2022\/08\/52291334109_235c53475c_c-768x512.jpg\" alt=\"Solenidade de posse de Alexandre de Moraes ao cargo de presidente do TSE\" title=\"Solenidade de posse de Alexandre de Moraes ao cargo de presidente do TSE\"\/><figcaption>Solenidade de posse de Alexandre de Moraes ao cargo de presidente do TSE&nbsp;\/ Foto: Isac N\u00f3brega\/PR<\/figcaption><\/figure>\n\n\n\n<figure class=\"wp-block-image\"><img src=\"https:\/\/static.cdn.pleno.news\/2022\/08\/52291333489_d1c7ace030_c-768x512.jpg\" alt=\"Solenidade de posse de Alexandre de Moraes ao cargo de presidente do TSE\" title=\"Solenidade de posse de Alexandre de Moraes ao cargo de presidente do TSE\"\/><figcaption>Solenidade de posse de Alexandre de Moraes ao cargo de presidente do TSE&nbsp;\/ Foto: Isac N\u00f3brega\/PR<\/figcaption><\/figure>\n\n\n\n<figure class=\"wp-block-image\"><img src=\"https:\/\/static.cdn.pleno.news\/2022\/08\/52291333459_7565960e0b_c-768x512.jpg\" alt=\"Solenidade de posse de Alexandre de Moraes ao cargo de presidente do TSE\" title=\"Solenidade de posse de Alexandre de Moraes ao cargo de presidente do TSE\"\/><figcaption>Solenidade de posse de Alexandre de Moraes ao cargo de presidente do TSE&nbsp;\/ Foto: Isac N\u00f3brega\/PR<\/figcaption><\/figure>\n\n\n\n<figure class=\"wp-block-image\"><img src=\"https:\/\/static.cdn.pleno.news\/2022\/08\/52291073098_21eefd5aaa_c-768x512.jpg\" alt=\"Solenidade de posse de Alexandre de Moraes ao cargo de presidente do TSE\" title=\"Solenidade de posse de Alexandre de Moraes ao cargo de presidente do TSE\"\/><figcaption>Solenidade de posse de Alexandre de Moraes ao cargo de presidente do TSE&nbsp;\/ Foto: Isac N\u00f3brega\/PR<\/figcaption><\/figure>\n\n\n\n<figure class=\"wp-block-image\"><img src=\"https:\/\/static.cdn.pleno.news\/2022\/08\/52291071798_2bb8a8a105_c-768x512.jpg\" alt=\"Solenidade de posse de Alexandre de Moraes ao cargo de presidente do TSE\" title=\"Solenidade de posse de Alexandre de Moraes ao cargo de presidente do TSE\"\/><figcaption>Solenidade de posse de Alexandre de Moraes ao cargo de presidente do TSE&nbsp;\/ Foto: Isac N\u00f3brega\/PR<\/figcaption><\/figure>\n\n\n\n<figure class=\"wp-block-image\"><img src=\"https:\/\/static.cdn.pleno.news\/2022\/08\/52291070528_124a49cc23_c-768x512.jpg\" alt=\"Solenidade de posse de Alexandre de Moraes ao cargo de presidente do TSE\" title=\"Solenidade de posse de Alexandre de Moraes ao cargo de presidente do TSE\"\/><figcaption>Solenidade de posse de Alexandre de Moraes ao cargo de presidente do TSE&nbsp;\/ Foto: Isac N\u00f3brega\/PR<\/figcaption><\/figure>\n\n\n\n<figure class=\"wp-block-image\"><img src=\"https:\/\/static.cdn.pleno.news\/2022\/08\/52291066901_868cc71e66_c-768x512.jpg\" alt=\"Solenidade de posse de Alexandre de Moraes ao cargo de presidente do TSE\" title=\"Solenidade de posse de Alexandre de Moraes ao cargo de presidente do TSE\"\/><figcaption>Solenidade de posse de Alexandre de Moraes ao cargo de presidente do TSE&nbsp;\/ Foto: Isac N\u00f3brega\/PR<\/figcaption><\/figure>\n\n\n\n<figure class=\"wp-block-image\"><img src=\"https:\/\/static.cdn.pleno.news\/2022\/08\/52291065521_1c2a3f08fd_c-768x512.jpg\" alt=\"Solenidade de posse de Alexandre de Moraes ao cargo de presidente do TSE\" title=\"Solenidade de posse de Alexandre de Moraes ao cargo de presidente do TSE\"\/><figcaption>Solenidade de posse de Alexandre de Moraes ao cargo de presidente do TSE&nbsp;\/ Foto: Isac N\u00f3brega\/PR<\/figcaption><\/figure>\n\n\n\n<figure class=\"wp-block-image\"><img src=\"https:\/\/static.cdn.pleno.news\/2022\/08\/52291064571_a517314be1_c-768x512.jpg\" alt=\"Solenidade de posse de Alexandre de Moraes ao cargo de presidente do TSE\" title=\"Solenidade de posse de Alexandre de Moraes ao cargo de presidente do TSE\"\/><figcaption>Solenidade de posse de Alexandre de Moraes ao cargo de presidente do TSE&nbsp;\/ Foto: Isac N\u00f3brega\/PR<\/figcaption><\/figure>\n\n\n\n<figure class=\"wp-block-image\"><img src=\"https:\/\/static.cdn.pleno.news\/2022\/08\/52290095557_c801df36d8_c-768x512.jpg\" alt=\"Solenidade de posse de Alexandre de Moraes ao cargo de presidente do TSE\" title=\"Solenidade de posse de Alexandre de Moraes ao cargo de presidente do TSE\"\/><figcaption>Solenidade de posse de Alexandre de Moraes ao cargo de presidente do TSE&nbsp;\/ Foto: Isac N\u00f3brega\/PR<\/figcaption><\/figure>\n\n\n\n<figure class=\"wp-block-image\"><img src=\"https:\/\/static.cdn.pleno.news\/2022\/08\/52290095347_fa5fcad729_k-768x512.jpg\" alt=\"Solenidade de posse de Alexandre de Moraes ao cargo de presidente do TSE\" title=\"Solenidade de posse de Alexandre de Moraes ao cargo de presidente do TSE\"\/><figcaption>Solenidade de posse de Alexandre de Moraes ao cargo de presidente do TSE&nbsp;\/ Foto: Isac N\u00f3brega\/PR<\/figcaption><\/figure>\n\n\n\n<figure class=\"wp-block-image\"><img src=\"https:\/\/static.cdn.pleno.news\/2022\/08\/52290094257_0906275880_c-768x518.jpg\" alt=\"Solenidade de posse de Alexandre de Moraes ao cargo de presidente do TSE\" title=\"Solenidade de posse de Alexandre de Moraes ao cargo de presidente do TSE\"\/><figcaption>Solenidade de posse de Alexandre de Moraes ao cargo de presidente do TSE&nbsp;\/ Foto: Isac N\u00f3brega\/PR<\/figcaption><\/figure>\n\n\n\n<figure class=\"wp-block-image\"><img src=\"https:\/\/static.cdn.pleno.news\/2022\/08\/52290093557_9f45ab5842_c-768x512.jpg\" alt=\"Solenidade de posse de Alexandre de Moraes ao cargo de presidente do TSE\" title=\"Solenidade de posse de Alexandre de Moraes ao cargo de presidente do TSE\"\/><figcaption>Solenidade de posse de Alexandre de Moraes ao cargo de presidente do TSE&nbsp;\/ Foto: Isac N\u00f3brega\/PR<\/figcaption><\/figure>\n\n\n\n<ul><li>1&nbsp;de 25<\/li><\/ul>\n\n\n\n<p>Moraes defendeu o sistema eletr\u00f4nico de vota\u00e7\u00e3o e afirmou que as urnas s\u00e3o motivo de \u201corgulho nacional\u201d.<\/p>\n","protected":false},"excerpt":{"rendered":"<p>O discurso que o ministro do Supremo Tribunal Federal (STF), Alexandre de Moraes, fez durante sua posse como novo presidente do Tribunal Superior Eleitoral (TSE) foi criticado pelo ex-ministro da Corte, Marco Aur\u00e9lio Mello. Mello, que esteve na cerim\u00f4nia, disse ao blog de Vera Magalh\u00e3es, do jornal O Globo, que presenciou um \u201cnefasto acontecimento\u201d. \u2013 [&hellip;]<\/p>\n","protected":false},"author":2,"featured_media":12138,"comment_status":"open","ping_status":"open","sticky":false,"template":"","format":"standard","meta":[],"categories":[10],"tags":[],"_links":{"self":[{"href":"https:\/\/dgospel.com.br\/portal\/index.php\/wp-json\/wp\/v2\/posts\/12137"}],"collection":[{"href":"https:\/\/dgospel.com.br\/portal\/index.php\/wp-json\/wp\/v2\/posts"}],"about":[{"href":"https:\/\/dgospel.com.br\/portal\/index.php\/wp-json\/wp\/v2\/types\/post"}],"author":[{"embeddable":true,"href":"https:\/\/dgospel.com.br\/portal\/index.php\/wp-json\/wp\/v2\/users\/2"}],"replies":[{"embeddable":true,"href":"https:\/\/dgospel.com.br\/portal\/index.php\/wp-json\/wp\/v2\/comments?post=12137"}],"version-history":[{"count":1,"href":"https:\/\/dgospel.com.br\/portal\/index.php\/wp-json\/wp\/v2\/posts\/12137\/revisions"}],"predecessor-version":[{"id":12139,"href":"https:\/\/dgospel.com.br\/portal\/index.php\/wp-json\/wp\/v2\/posts\/12137\/revisions\/12139"}],"wp:featuredmedia":[{"embeddable":true,"href":"https:\/\/dgospel.com.br\/portal\/index.php\/wp-json\/wp\/v2\/media\/12138"}],"wp:attachment":[{"href":"https:\/\/dgospel.com.br\/portal\/index.php\/wp-json\/wp\/v2\/media?parent=12137"}],"wp:term":[{"taxonomy":"category","embeddable":true,"href":"https:\/\/dgospel.com.br\/portal\/index.php\/wp-json\/wp\/v2\/categories?post=12137"},{"taxonomy":"post_tag","embeddable":true,"href":"https:\/\/dgospel.com.br\/portal\/index.php\/wp-json\/wp\/v2\/tags?post=12137"}],"curies":[{"name":"wp","href":"https:\/\/api.w.org\/{rel}","templated":true}]}}