{"id":12140,"date":"2022-08-17T23:08:52","date_gmt":"2022-08-18T02:08:52","guid":{"rendered":"http:\/\/dgospel.com.br\/portal\/?p=12140"},"modified":"2022-08-17T23:08:54","modified_gmt":"2022-08-18T02:08:54","slug":"guedes-estamos-com-um-fiscal-muito-forte-nunca-foi-tao-forte","status":"publish","type":"post","link":"https:\/\/dgospel.com.br\/portal\/index.php\/2022\/08\/17\/guedes-estamos-com-um-fiscal-muito-forte-nunca-foi-tao-forte\/","title":{"rendered":"Guedes: \u201cEstamos com um fiscal muito forte, nunca foi t\u00e3o forte\u201d"},"content":{"rendered":"\n<p>O ministro da Economia, Paulo Guedes, participou de uma reuni\u00e3o, nesta ter\u00e7a-feira (16), organizada pelo ministro Gilmar Mendes, do Supremo Tribunal Federal (STF). Durante o discurso, Guedes se pronunciou sobre o Imposto sobre Circula\u00e7\u00e3o de Mercadorias e Servi\u00e7os (ICMS).<\/p>\n\n\n\n<p>Neste contexto, ele afirmou que poder\u00e1 revisar o novo teto caso os estados sintam-se prejudicados financeiramente. Ainda defendeu que o pa\u00eds deve implementar uma reforma tribut\u00e1ria, em vez de instituir impostos que \u201cdesindustrializam o Brasil\u201d, segundo ele.<\/p>\n\n\n\n<p>\u2013 Se os n\u00fameros mostrarem que houve aumento de arrecada\u00e7\u00e3o forte, apesar da redu\u00e7\u00e3o das al\u00edquotas, ent\u00e3o segue o jogo. Se, ao contr\u00e1rio, mostrar que houve preju\u00edzo \u00e0 Federa\u00e7\u00e3o, eu mesmo vou ficar envergonhado, vou querer rever \u2013 garantiu.<\/p>\n\n\n\n<p>Para o ministro, n\u00e3o existe um confronto entre a Uni\u00e3o e os governos regionais. Segundo ele, a gest\u00e3o federal apenas repassa o ganho de arrecada\u00e7\u00e3o para a popula\u00e7\u00e3o, o que possibilita reduzir, al\u00e9m do ICMS, outros tributos, como o Imposto sobre Produtos Industrializados (IPI).<\/p>\n\n\n\n<p>\u2013 Estamos com um fiscal muito forte, nunca foi t\u00e3o forte.<\/p>\n\n\n\n<p>Em junho, houve a redu\u00e7\u00e3o da incid\u00eancia do ICMS sobre combust\u00edveis, energia el\u00e9trica, comunica\u00e7\u00f5es e transportes, em um patamar de 18%. A medida visou diminuir a infla\u00e7\u00e3o e, consequentemente, os pre\u00e7os. O Comit\u00ea Nacional de Secret\u00e1rios de Fazenda (Comsefaz) afirma que a iniciativa vai ocasionar aos estados perda anual de R$ 92 bilh\u00f5es. Para o ministro, entretanto, as Federa\u00e7\u00f5es continuam com o caixa cheio.<\/p>\n\n\n\n<p>O chefe da Economia foi enf\u00e1tico ao destacar que a redu\u00e7\u00e3o est\u00e1 sendo compensada pela falta de corre\u00e7\u00e3o da tabela do Imposto de Renda.<\/p>\n\n\n\n<p>\u2013 A arrecada\u00e7\u00e3o de Imposto de Renda est\u00e1 subindo bastante, o que acaba equilibrando a balan\u00e7a \u2013 salientou.<\/p>\n\n\n\n<p>Em outro momento, Guedes afirmou que o Brasil est\u00e1 em um momento \u201cextraordin\u00e1rio\u201d perante o exterior, bem posicionado diante das oportunidades abertas pelo realinhamento das cadeias de produ\u00e7\u00f5es globais.<\/p>\n\n\n\n<p>\u2013 A democracia brasileira est\u00e1 como sempre esteve: vibrante e barulhenta \u2013 disse.<\/p>\n","protected":false},"excerpt":{"rendered":"<p>O ministro da Economia, Paulo Guedes, participou de uma reuni\u00e3o, nesta ter\u00e7a-feira (16), organizada pelo ministro Gilmar Mendes, do Supremo Tribunal Federal (STF). Durante o discurso, Guedes se pronunciou sobre o Imposto sobre Circula\u00e7\u00e3o de Mercadorias e Servi\u00e7os (ICMS). Neste contexto, ele afirmou que poder\u00e1 revisar o novo teto caso os estados sintam-se prejudicados financeiramente. [&hellip;]<\/p>\n","protected":false},"author":2,"featured_media":12141,"comment_status":"open","ping_status":"open","sticky":false,"template":"","format":"standard","meta":[],"categories":[10],"tags":[],"_links":{"self":[{"href":"https:\/\/dgospel.com.br\/portal\/index.php\/wp-json\/wp\/v2\/posts\/12140"}],"collection":[{"href":"https:\/\/dgospel.com.br\/portal\/index.php\/wp-json\/wp\/v2\/posts"}],"about":[{"href":"https:\/\/dgospel.com.br\/portal\/index.php\/wp-json\/wp\/v2\/types\/post"}],"author":[{"embeddable":true,"href":"https:\/\/dgospel.com.br\/portal\/index.php\/wp-json\/wp\/v2\/users\/2"}],"replies":[{"embeddable":true,"href":"https:\/\/dgospel.com.br\/portal\/index.php\/wp-json\/wp\/v2\/comments?post=12140"}],"version-history":[{"count":1,"href":"https:\/\/dgospel.com.br\/portal\/index.php\/wp-json\/wp\/v2\/posts\/12140\/revisions"}],"predecessor-version":[{"id":12142,"href":"https:\/\/dgospel.com.br\/portal\/index.php\/wp-json\/wp\/v2\/posts\/12140\/revisions\/12142"}],"wp:featuredmedia":[{"embeddable":true,"href":"https:\/\/dgospel.com.br\/portal\/index.php\/wp-json\/wp\/v2\/media\/12141"}],"wp:attachment":[{"href":"https:\/\/dgospel.com.br\/portal\/index.php\/wp-json\/wp\/v2\/media?parent=12140"}],"wp:term":[{"taxonomy":"category","embeddable":true,"href":"https:\/\/dgospel.com.br\/portal\/index.php\/wp-json\/wp\/v2\/categories?post=12140"},{"taxonomy":"post_tag","embeddable":true,"href":"https:\/\/dgospel.com.br\/portal\/index.php\/wp-json\/wp\/v2\/tags?post=12140"}],"curies":[{"name":"wp","href":"https:\/\/api.w.org\/{rel}","templated":true}]}}