{"id":12152,"date":"2022-08-18T11:18:51","date_gmt":"2022-08-18T14:18:51","guid":{"rendered":"http:\/\/dgospel.com.br\/portal\/?p=12152"},"modified":"2022-08-18T11:18:52","modified_gmt":"2022-08-18T14:18:52","slug":"bolsonaro-diz-que-servidores-publicos-terao-reajuste-em-2023","status":"publish","type":"post","link":"https:\/\/dgospel.com.br\/portal\/index.php\/2022\/08\/18\/bolsonaro-diz-que-servidores-publicos-terao-reajuste-em-2023\/","title":{"rendered":"Bolsonaro diz que servidores p\u00fablicos ter\u00e3o reajuste em 2023"},"content":{"rendered":"\n<p>O presidente\u00a0<a rel=\"noreferrer noopener\" href=\"http:\/\/pleno.news\/tag\/jair-bolsonaro\" target=\"_blank\">Jair Bolsonaro<\/a>\u00a0(PL) disse nesta quarta-feira (17) que o governo ainda n\u00e3o definiu qual ser\u00e1 o percentual do reajuste salarial a servidores p\u00fablicos federais em 2023, mas que a medida est\u00e1 garantida.<\/p>\n\n\n\n<p>\u2013 Quero dizer aos servidores p\u00fablicos federais que ter\u00e3o reajuste no ano que vem. N\u00e3o definimos o percentual ainda. Bem como teremos reestrutura\u00e7\u00e3o de carreiras \u2013 disse ele, em evento com prefeitos no Hotel Royal Tulip, em\u00a0<a rel=\"noreferrer noopener\" href=\"http:\/\/pleno.news\/tag\/brasilia\" target=\"_blank\">Bras\u00edlia<\/a>.<\/p>\n\n\n\n<p>Ao sancionar a Lei de Diretrizes Or\u00e7ament\u00e1rias (LDO) do ano que vem, Bolsonaro vetou dar reajuste espec\u00edfico para as pol\u00edcias vinculadas ao Minist\u00e9rio da Justi\u00e7a \u2013 Pol\u00edcia Federal, Pol\u00edcia Rodovi\u00e1ria Federal e Pol\u00edcia Penal Federal -, bem como a reestrutura\u00e7\u00e3o das carreiras da Ag\u00eancia Brasileira de Intelig\u00eancia (Abin).<\/p>\n\n\n\n<p>No entanto, de acordo com a sugest\u00e3o de veto do Minist\u00e9rio da Economia, a proposta original do governo para a LDO de 2023 j\u00e1 previa a autoriza\u00e7\u00e3o para reajustes e reestrutura\u00e7\u00f5es de carreiras para \u201ctoda a administra\u00e7\u00e3o p\u00fablica, o que, por \u00f3bvio, inclui os \u00f3rg\u00e3os mencionados\u201d.<\/p>\n\n\n\n<p>*AE<\/p>\n","protected":false},"excerpt":{"rendered":"<p>O presidente\u00a0Jair Bolsonaro\u00a0(PL) disse nesta quarta-feira (17) que o governo ainda n\u00e3o definiu qual ser\u00e1 o percentual do reajuste salarial a servidores p\u00fablicos federais em 2023, mas que a medida est\u00e1 garantida. \u2013 Quero dizer aos servidores p\u00fablicos federais que ter\u00e3o reajuste no ano que vem. N\u00e3o definimos o percentual ainda. Bem como teremos reestrutura\u00e7\u00e3o [&hellip;]<\/p>\n","protected":false},"author":2,"featured_media":12153,"comment_status":"open","ping_status":"open","sticky":false,"template":"","format":"standard","meta":[],"categories":[10],"tags":[],"_links":{"self":[{"href":"https:\/\/dgospel.com.br\/portal\/index.php\/wp-json\/wp\/v2\/posts\/12152"}],"collection":[{"href":"https:\/\/dgospel.com.br\/portal\/index.php\/wp-json\/wp\/v2\/posts"}],"about":[{"href":"https:\/\/dgospel.com.br\/portal\/index.php\/wp-json\/wp\/v2\/types\/post"}],"author":[{"embeddable":true,"href":"https:\/\/dgospel.com.br\/portal\/index.php\/wp-json\/wp\/v2\/users\/2"}],"replies":[{"embeddable":true,"href":"https:\/\/dgospel.com.br\/portal\/index.php\/wp-json\/wp\/v2\/comments?post=12152"}],"version-history":[{"count":1,"href":"https:\/\/dgospel.com.br\/portal\/index.php\/wp-json\/wp\/v2\/posts\/12152\/revisions"}],"predecessor-version":[{"id":12154,"href":"https:\/\/dgospel.com.br\/portal\/index.php\/wp-json\/wp\/v2\/posts\/12152\/revisions\/12154"}],"wp:featuredmedia":[{"embeddable":true,"href":"https:\/\/dgospel.com.br\/portal\/index.php\/wp-json\/wp\/v2\/media\/12153"}],"wp:attachment":[{"href":"https:\/\/dgospel.com.br\/portal\/index.php\/wp-json\/wp\/v2\/media?parent=12152"}],"wp:term":[{"taxonomy":"category","embeddable":true,"href":"https:\/\/dgospel.com.br\/portal\/index.php\/wp-json\/wp\/v2\/categories?post=12152"},{"taxonomy":"post_tag","embeddable":true,"href":"https:\/\/dgospel.com.br\/portal\/index.php\/wp-json\/wp\/v2\/tags?post=12152"}],"curies":[{"name":"wp","href":"https:\/\/api.w.org\/{rel}","templated":true}]}}