{"id":12155,"date":"2022-08-18T12:02:49","date_gmt":"2022-08-18T15:02:49","guid":{"rendered":"http:\/\/dgospel.com.br\/portal\/?p=12155"},"modified":"2022-08-18T12:02:50","modified_gmt":"2022-08-18T15:02:50","slug":"servidores-da-saude-sao-ouvidos-por-parlamentares-durante-sessao-presidida-pelo-vereador-rubens-uchoa","status":"publish","type":"post","link":"https:\/\/dgospel.com.br\/portal\/index.php\/2022\/08\/18\/servidores-da-saude-sao-ouvidos-por-parlamentares-durante-sessao-presidida-pelo-vereador-rubens-uchoa\/","title":{"rendered":"Servidores da Sa\u00fade s\u00e3o ouvidos por parlamentares durante Sess\u00e3o presidida pelo vereador Rubens Uchoa"},"content":{"rendered":"\n<p>Servidores da Sa\u00fade foram ouvido pelos parlamentares, durante Sess\u00e3o ordin\u00e1ria presidida pelo vereador e vice-presidente da C\u00e2mara de Palmas, Rubens Uchoa, realizada nesta ter\u00e7a-feira, 9.<\/p>\n\n\n\n<p>Na pauta a categoria discutiu sobre a regulariza\u00e7\u00e3o do piso igualit\u00e1rio aos agentes de combate \u00e0 endemias que n\u00e3o est\u00e3o sendo assistido pelo plano nacional<\/p>\n\n\n\n<p>Em sua fala Uch\u00f4a exaltou as qualidades da categoria. E reconheceu a import\u00e2ncia que cada profiss\u00e3o representa na sociedade, e juntamente com os vereadores e prontificaram a cobrar do o Poder Executivo o envio do Projeto de Lei que \u00e9 de iniciativa do mesmo para aprova\u00e7\u00e3o na C\u00e2mara Municipal<\/p>\n","protected":false},"excerpt":{"rendered":"<p>Servidores da Sa\u00fade foram ouvido pelos parlamentares, durante Sess\u00e3o ordin\u00e1ria presidida pelo vereador e vice-presidente da C\u00e2mara de Palmas, Rubens Uchoa, realizada nesta ter\u00e7a-feira, 9. Na pauta a categoria discutiu sobre a regulariza\u00e7\u00e3o do piso igualit\u00e1rio aos agentes de combate \u00e0 endemias que n\u00e3o est\u00e3o sendo assistido pelo plano nacional Em sua fala Uch\u00f4a exaltou [&hellip;]<\/p>\n","protected":false},"author":2,"featured_media":12156,"comment_status":"open","ping_status":"open","sticky":false,"template":"","format":"standard","meta":[],"categories":[8],"tags":[],"_links":{"self":[{"href":"https:\/\/dgospel.com.br\/portal\/index.php\/wp-json\/wp\/v2\/posts\/12155"}],"collection":[{"href":"https:\/\/dgospel.com.br\/portal\/index.php\/wp-json\/wp\/v2\/posts"}],"about":[{"href":"https:\/\/dgospel.com.br\/portal\/index.php\/wp-json\/wp\/v2\/types\/post"}],"author":[{"embeddable":true,"href":"https:\/\/dgospel.com.br\/portal\/index.php\/wp-json\/wp\/v2\/users\/2"}],"replies":[{"embeddable":true,"href":"https:\/\/dgospel.com.br\/portal\/index.php\/wp-json\/wp\/v2\/comments?post=12155"}],"version-history":[{"count":1,"href":"https:\/\/dgospel.com.br\/portal\/index.php\/wp-json\/wp\/v2\/posts\/12155\/revisions"}],"predecessor-version":[{"id":12157,"href":"https:\/\/dgospel.com.br\/portal\/index.php\/wp-json\/wp\/v2\/posts\/12155\/revisions\/12157"}],"wp:featuredmedia":[{"embeddable":true,"href":"https:\/\/dgospel.com.br\/portal\/index.php\/wp-json\/wp\/v2\/media\/12156"}],"wp:attachment":[{"href":"https:\/\/dgospel.com.br\/portal\/index.php\/wp-json\/wp\/v2\/media?parent=12155"}],"wp:term":[{"taxonomy":"category","embeddable":true,"href":"https:\/\/dgospel.com.br\/portal\/index.php\/wp-json\/wp\/v2\/categories?post=12155"},{"taxonomy":"post_tag","embeddable":true,"href":"https:\/\/dgospel.com.br\/portal\/index.php\/wp-json\/wp\/v2\/tags?post=12155"}],"curies":[{"name":"wp","href":"https:\/\/api.w.org\/{rel}","templated":true}]}}