{"id":1216,"date":"2018-09-04T23:26:38","date_gmt":"2018-09-05T02:26:38","guid":{"rendered":"http:\/\/dgospel.com.br\/portal\/?p=1216"},"modified":"2018-09-04T23:26:38","modified_gmt":"2018-09-05T02:26:38","slug":"prefeito-de-pedro-afonso-confia-em-melhoria-do-estado-com-gestao-carlesse","status":"publish","type":"post","link":"https:\/\/dgospel.com.br\/portal\/index.php\/2018\/09\/04\/prefeito-de-pedro-afonso-confia-em-melhoria-do-estado-com-gestao-carlesse\/","title":{"rendered":"Prefeito de Pedro Afonso confia em melhoria do Estado com gest\u00e3o Carlesse"},"content":{"rendered":"<p class=\"yiv2342914874MsoNormal\">O projeto municipalista do governador Mauro Carlesse (PHS) ganhou um grande refor\u00e7o nesta ter\u00e7a-feira, 4, com o an\u00fancio do apoio na elei\u00e7\u00e3o de sete de outubro do prefeito de Pedro Afonso, Jairo Mariano (PDT), cinco vereadores, suplentes e de um grande n\u00famero de lideran\u00e7as que agora ir\u00e3o trabalhar pela reelei\u00e7\u00e3o de Carlesse ao governo do Tocantins. \u201cN\u00f3s entendemos que o governador pode dar um bom andamento ao estado com a melhoria da presta\u00e7\u00e3o de servi\u00e7os \u00e0 comunidade. Vamos apoi\u00e1-lo e queremos contribuir fortemente com o nosso conhecimento, para que o governo d\u00ea certo\u201d, justificou o prefeito Jairo Mariano.<\/p>\n<p class=\"yiv2342914874MsoNormal\">Carlesse destacou a import\u00e2ncia do apoio do prefeito e da uni\u00e3o a favor do Tocantins. \u201cJ\u00e1 tivemos o apoio de um grupo forte na elei\u00e7\u00e3o suplementar que n\u00f3s reconhecemos. Agora com a chegada do prefeito e de mais vereadores teremos condi\u00e7\u00f5es de aumentar ainda mais a parceria com Pedro Afonso\u201d, disse Carlesse que ainda firmou compromisso de desenvolver a regi\u00e3o centro-norte com a constru\u00e7\u00e3o da infraestrutura necess\u00e1ria para melhorar a vida das pessoas.<\/p>\n<p class=\"yiv2342914874MsoNormal\">Estavam presentes no encontro os vereadores de Pedro Afonso Breno Alves (PRTB), Mirleyson Soares (PRTB), Gislayson Soares (PV), Lili Ben\u00edcio (PSC), Menezes (PR), al\u00e9m dos Suplentes Peterson Lima e Marcos Catabriga, o secret\u00e1rio de Finan\u00e7as de Pedro Afonso, Janilson Castro, e o secret\u00e1rio de Esporte, Jo\u00e3o Batista, al\u00e9m do vice-prefeito Coelho e l\u00edder pol\u00edtico Gabriel Nunes.<\/p>\n<p class=\"yiv2342914874MsoNormal\"><b>ATM<\/b><\/p>\n<p class=\"yiv2342914874MsoNormal\">O governador tamb\u00e9m manteve conversa institucional com Jairo Mariano, que \u00e9 presidente da Associa\u00e7\u00e3o Tocantinense dos Munic\u00edpios (ATM). Disse que logo ap\u00f3s a elei\u00e7\u00e3o, sendo reeleito governador, convidar\u00e1 presidente da ATM para ir a Bras\u00edlia buscar recursos para o Tocantins. \u201cVamos trabalhar juntos nisso e a popula\u00e7\u00e3o s\u00f3 tem a ganhar\u201d, disse Mauro Carlesse que ainda relatou todo trabalho para devolver ao estado sua capacidade de investimentos. \u201cEstamos reduzindo as despesas para enquadrar \u00e0 Lei de Responsabilidade Fiscal e melhorar a letra do Estado, o que possibilitar\u00e1 pegar os empr\u00e9stimos que ir\u00e1 ajudar todos os munic\u00edpios\u201d, disse o governador.<\/p>\n","protected":false},"excerpt":{"rendered":"<p>O projeto municipalista do governador Mauro Carlesse (PHS) ganhou um grande refor\u00e7o nesta ter\u00e7a-feira, 4, com o an\u00fancio do apoio na elei\u00e7\u00e3o de sete de outubro do prefeito de Pedro Afonso, Jairo Mariano (PDT), cinco vereadores, suplentes e de um grande n\u00famero de lideran\u00e7as que agora ir\u00e3o trabalhar pela reelei\u00e7\u00e3o de Carlesse ao governo do [&hellip;]<\/p>\n","protected":false},"author":2,"featured_media":1217,"comment_status":"open","ping_status":"open","sticky":false,"template":"","format":"standard","meta":[],"categories":[2,4],"tags":[],"_links":{"self":[{"href":"https:\/\/dgospel.com.br\/portal\/index.php\/wp-json\/wp\/v2\/posts\/1216"}],"collection":[{"href":"https:\/\/dgospel.com.br\/portal\/index.php\/wp-json\/wp\/v2\/posts"}],"about":[{"href":"https:\/\/dgospel.com.br\/portal\/index.php\/wp-json\/wp\/v2\/types\/post"}],"author":[{"embeddable":true,"href":"https:\/\/dgospel.com.br\/portal\/index.php\/wp-json\/wp\/v2\/users\/2"}],"replies":[{"embeddable":true,"href":"https:\/\/dgospel.com.br\/portal\/index.php\/wp-json\/wp\/v2\/comments?post=1216"}],"version-history":[{"count":1,"href":"https:\/\/dgospel.com.br\/portal\/index.php\/wp-json\/wp\/v2\/posts\/1216\/revisions"}],"predecessor-version":[{"id":1218,"href":"https:\/\/dgospel.com.br\/portal\/index.php\/wp-json\/wp\/v2\/posts\/1216\/revisions\/1218"}],"wp:featuredmedia":[{"embeddable":true,"href":"https:\/\/dgospel.com.br\/portal\/index.php\/wp-json\/wp\/v2\/media\/1217"}],"wp:attachment":[{"href":"https:\/\/dgospel.com.br\/portal\/index.php\/wp-json\/wp\/v2\/media?parent=1216"}],"wp:term":[{"taxonomy":"category","embeddable":true,"href":"https:\/\/dgospel.com.br\/portal\/index.php\/wp-json\/wp\/v2\/categories?post=1216"},{"taxonomy":"post_tag","embeddable":true,"href":"https:\/\/dgospel.com.br\/portal\/index.php\/wp-json\/wp\/v2\/tags?post=1216"}],"curies":[{"name":"wp","href":"https:\/\/api.w.org\/{rel}","templated":true}]}}