{"id":12161,"date":"2022-08-19T09:16:17","date_gmt":"2022-08-19T12:16:17","guid":{"rendered":"http:\/\/dgospel.com.br\/portal\/?p=12161"},"modified":"2022-08-19T09:16:18","modified_gmt":"2022-08-19T12:16:18","slug":"marco-feliciano-se-nos-consideram-mafiosos-vao-mandar-nos-prender","status":"publish","type":"post","link":"https:\/\/dgospel.com.br\/portal\/index.php\/2022\/08\/19\/marco-feliciano-se-nos-consideram-mafiosos-vao-mandar-nos-prender\/","title":{"rendered":"Marco Feliciano: \u201cSe nos consideram mafiosos, v\u00e3o mandar nos prender\u201d"},"content":{"rendered":"\n<p>O deputado federal Marco Feliciano (PL-SP) foi&nbsp;<a href=\"https:\/\/pleno.news\/brasil\/politica-nacional\/feliciano-rebate-acusacoes-de-fake-news-sobre-lula-e-o-pt.html\" target=\"_blank\" rel=\"noreferrer noopener\">criticado<\/a>&nbsp;pela imprensa por ter&nbsp;<a href=\"https:\/\/pleno.news\/brasil\/eleicoes-2022\/feliciano-fala-sobre-o-pt-e-diz-temer-o-fechamento-de-igrejas.html\" target=\"_blank\" rel=\"noreferrer noopener\">manifestado<\/a>&nbsp;seu temor do risco de persegui\u00e7\u00e3o pol\u00edtica \u00e0s igrejas, culminando no fechamento das mesmas, em caso de uma vit\u00f3ria da esquerda nas elei\u00e7\u00f5es. Nesta quinta-feira (18), ele usou as redes sociais para se manifestar a respeito do caso de uma&nbsp;<a href=\"https:\/\/pleno.news\/brasil\/ao-lado-de-lula-professora-diz-que-igrejas-fazem-parte-de-mafia.html?fbclid=IwAR1zD3a1b_EBKvSJeKB7SYKKiXoqpqDZbhzmqR5Z2FmAwUlj9WxOsgYSfss\" target=\"_blank\" rel=\"noreferrer noopener\">professora<\/a>, que falou que as periferias est\u00e3o dominadas por igrejas que fazem parte de uma verdadeira m\u00e1fia.<\/p>\n\n\n\n<p>Na \u00faltima segunda-feira (15), a professora da Universidade de S\u00e3o Paulo (USP), Erm\u00ednia Maricato, deu declara\u00e7\u00f5es durante a\u00a0<em>Aula aberta: Universidade P\u00fablica e Democracia<\/em>, que contou com a presen\u00e7a do ex-presidente e candidato ao Pal\u00e1cio do Planalto Luiz In\u00e1cio Lula da Silva (PT). Fernando Haddad (PT), candidato ao governo de S\u00e3o Paulo, tamb\u00e9m estava no evento.<\/p>\n\n\n\n<p>\u2013 Ontem Lula e Haddad participaram de evento na USP onde uma professora esquerdopata acusou as igrejas evang\u00e9licas de serem m\u00e1fias. Ora, se nos consideram mafiosos, bem certo \u00e9 que se chegarem ao poder v\u00e3o mandar nos prender. Quest\u00e3o de l\u00f3gica \u2013 escreveu Feliciano, no Twitter.<\/p>\n\n\n\n<figure class=\"wp-block-image\"><img src=\"https:\/\/static.cdn.pleno.news\/2022\/08\/Screenshot-2022-08-18T182139.965.png\" alt=\"\" class=\"wp-image-995777\"\/><\/figure>\n","protected":false},"excerpt":{"rendered":"<p>O deputado federal Marco Feliciano (PL-SP) foi&nbsp;criticado&nbsp;pela imprensa por ter&nbsp;manifestado&nbsp;seu temor do risco de persegui\u00e7\u00e3o pol\u00edtica \u00e0s igrejas, culminando no fechamento das mesmas, em caso de uma vit\u00f3ria da esquerda nas elei\u00e7\u00f5es. Nesta quinta-feira (18), ele usou as redes sociais para se manifestar a respeito do caso de uma&nbsp;professora, que falou que as periferias est\u00e3o [&hellip;]<\/p>\n","protected":false},"author":2,"featured_media":12162,"comment_status":"open","ping_status":"open","sticky":false,"template":"","format":"standard","meta":[],"categories":[8],"tags":[],"_links":{"self":[{"href":"https:\/\/dgospel.com.br\/portal\/index.php\/wp-json\/wp\/v2\/posts\/12161"}],"collection":[{"href":"https:\/\/dgospel.com.br\/portal\/index.php\/wp-json\/wp\/v2\/posts"}],"about":[{"href":"https:\/\/dgospel.com.br\/portal\/index.php\/wp-json\/wp\/v2\/types\/post"}],"author":[{"embeddable":true,"href":"https:\/\/dgospel.com.br\/portal\/index.php\/wp-json\/wp\/v2\/users\/2"}],"replies":[{"embeddable":true,"href":"https:\/\/dgospel.com.br\/portal\/index.php\/wp-json\/wp\/v2\/comments?post=12161"}],"version-history":[{"count":1,"href":"https:\/\/dgospel.com.br\/portal\/index.php\/wp-json\/wp\/v2\/posts\/12161\/revisions"}],"predecessor-version":[{"id":12163,"href":"https:\/\/dgospel.com.br\/portal\/index.php\/wp-json\/wp\/v2\/posts\/12161\/revisions\/12163"}],"wp:featuredmedia":[{"embeddable":true,"href":"https:\/\/dgospel.com.br\/portal\/index.php\/wp-json\/wp\/v2\/media\/12162"}],"wp:attachment":[{"href":"https:\/\/dgospel.com.br\/portal\/index.php\/wp-json\/wp\/v2\/media?parent=12161"}],"wp:term":[{"taxonomy":"category","embeddable":true,"href":"https:\/\/dgospel.com.br\/portal\/index.php\/wp-json\/wp\/v2\/categories?post=12161"},{"taxonomy":"post_tag","embeddable":true,"href":"https:\/\/dgospel.com.br\/portal\/index.php\/wp-json\/wp\/v2\/tags?post=12161"}],"curies":[{"name":"wp","href":"https:\/\/api.w.org\/{rel}","templated":true}]}}