{"id":12164,"date":"2022-08-19T09:57:32","date_gmt":"2022-08-19T12:57:32","guid":{"rendered":"http:\/\/dgospel.com.br\/portal\/?p=12164"},"modified":"2022-08-19T09:57:33","modified_gmt":"2022-08-19T12:57:33","slug":"em-araguaina-juntamente-com-wanderlei-barbosa-laurez-participa-do-lancamento-da-candidatura-de-alexandre-guimaraes-a-deputado-federal","status":"publish","type":"post","link":"https:\/\/dgospel.com.br\/portal\/index.php\/2022\/08\/19\/em-araguaina-juntamente-com-wanderlei-barbosa-laurez-participa-do-lancamento-da-candidatura-de-alexandre-guimaraes-a-deputado-federal\/","title":{"rendered":"Em Aragua\u00edna, juntamente com Wanderlei Barbosa, Laurez participa do lan\u00e7amento da candidatura de Alexandre Guimar\u00e3es a deputado federal"},"content":{"rendered":"\n<p>Ao lado do governador e candidato \u00e0 reelei\u00e7\u00e3o, Wanderlei Barbosa (Republicanos), o presidente do PDT\/TO e candidato a vice-governador, Laurez Moreira, participou do lan\u00e7amento da candidatura a deputado federal, de Alexandre Guimar\u00e3es (Republicanos), que reuniu uma multid\u00e3o de apoiadores de todos os cantos do Tocantins, em Aragua\u00edna. O evento ocorreu na noite desta quinta-feira, 18, no estacionamento da casa de eventos, Seven.<\/p>\n\n\n\n<p>O governador e candidato \u00e0 reelei\u00e7\u00e3o, Wanderlei Barbosa, teceu elogios ao jovem Alexandre e disse que quer ele representando a popula\u00e7\u00e3o tocantinense. &#8220;Eu quero que voc\u00ea seja importante para o Tocantins, para Aragua\u00edna, para Palmas, para Gurupi, para Alvorada, para Almas, para o Sudeste, para o Sul, para o Bico do Papagaio. N\u00f3s queremos que voc\u00ea nos represente, porque voc\u00ea \u00e9 um jovem marcante, porque voc\u00ea quer trabalhar. Precisamos de deputados que cuidem das pessoas&#8221;, declarou.<\/p>\n\n\n\n<p>Wanderlei ainda falando sobre ter pessoas que trabalhem pelo estado, destacou a trajet\u00f3ria pol\u00edtica do seu candidato a vice-governador, Laurez Moreira. &#8220;O meu vice, eu escolhi o amigo Laurez Moreira, grande gestor, ex-prefeito de Gurupi. Sei da import\u00e2ncia de termos pessoas que queiram realmente trabalhar pelo povo&#8221;, afirmou.<\/p>\n\n\n\n<p>O candidato a deputado federal, Alexandre Guimar\u00e3es, em sua fala destacou que que ir\u00e1 fazer um mandato participativo, com aten\u00e7\u00e3o aos munic\u00edpios e contato direto com a comunidade, \u201cVamos fazer um mandato diferente, com aten\u00e7\u00e3o aos munic\u00edpios e com gabinete aberto \u00e0 popula\u00e7\u00e3o Tocantinense\u201d, assegurou.<\/p>\n\n\n\n<p>O candidato a vice-governador, Laurez Moreira, parabenizou o candidato Alexandre Guimar\u00e3es pelo belo trabalho que vem desempenhando. &#8220;Que bela festa de lan\u00e7amento, quantas pessoas aqui reunidas, de todos os cantos do Tocantins, demonstrando apoio, isso me deixa muito feliz e me faz crer ainda mais que estamos no caminho certo. Eu desejo muito sucesso ao jovem Alexandre Guimar\u00e3es, assim como o nosso governador disse, precisamos de pessoas que queiram trabalhar pelo povo, e isso o Alexandre j\u00e1 mostrou&#8221;, disse.<\/p>\n\n\n\n<p>O evento contou com a participa\u00e7\u00e3o de diversas autoridades, figuras p\u00fablicas e correligion\u00e1rios.<\/p>\n\n\n\n<p><strong>Encontro com a cooperativa de mototaxistas araguainense<\/strong><\/p>\n\n\n\n<p>Na chegada em Aragua\u00edna, o governador e candidato \u00e0 reelei\u00e7\u00e3o, Wanderlei Barbosa, juntamente com o seu candidato a vice, Laurez Moreira, foram recepcionados com um buzina\u00e7o feito pelos integrantes da cooperativa de mototaxistas araguainense Coopermotos.&nbsp; A categoria se reuniu para falar das suas demandas e tamb\u00e9m para demonstrar o seu apoio aos candidatos.<\/p>\n\n\n\n<p>O governador, Wanderlei Barbosa, falou da sua alegria pela recep\u00e7\u00e3o t\u00e3o calorosa e por ver uma categoria t\u00e3o importante, unida buscando melhorias e, ainda, ressaltou que sua gest\u00e3o \u00e9 para o povo.<\/p>\n\n\n\n<p>Na ocasi\u00e3o, Laurez Moreira, falou do qu\u00e3o importante a categoria \u00e9 para a sociedade e que precisa ter seus anseios ouvidos e atendidos.<\/p>\n\n\n\n<p>O presidente da Coopermotos, Deusivan, agradeceu o empenho dos candidatos. \u201cEu agrade\u00e7o o empenho de cada uma das autoridades, que vestiram a camisa para ouvir e ajudar a nossa categoria\u201d, disse.<\/p>\n","protected":false},"excerpt":{"rendered":"<p>Ao lado do governador e candidato \u00e0 reelei\u00e7\u00e3o, Wanderlei Barbosa (Republicanos), o presidente do PDT\/TO e candidato a vice-governador, Laurez Moreira, participou do lan\u00e7amento da candidatura a deputado federal, de Alexandre Guimar\u00e3es (Republicanos), que reuniu uma multid\u00e3o de apoiadores de todos os cantos do Tocantins, em Aragua\u00edna. O evento ocorreu na noite desta quinta-feira, 18, [&hellip;]<\/p>\n","protected":false},"author":2,"featured_media":12165,"comment_status":"open","ping_status":"open","sticky":false,"template":"","format":"standard","meta":[],"categories":[4],"tags":[13],"_links":{"self":[{"href":"https:\/\/dgospel.com.br\/portal\/index.php\/wp-json\/wp\/v2\/posts\/12164"}],"collection":[{"href":"https:\/\/dgospel.com.br\/portal\/index.php\/wp-json\/wp\/v2\/posts"}],"about":[{"href":"https:\/\/dgospel.com.br\/portal\/index.php\/wp-json\/wp\/v2\/types\/post"}],"author":[{"embeddable":true,"href":"https:\/\/dgospel.com.br\/portal\/index.php\/wp-json\/wp\/v2\/users\/2"}],"replies":[{"embeddable":true,"href":"https:\/\/dgospel.com.br\/portal\/index.php\/wp-json\/wp\/v2\/comments?post=12164"}],"version-history":[{"count":1,"href":"https:\/\/dgospel.com.br\/portal\/index.php\/wp-json\/wp\/v2\/posts\/12164\/revisions"}],"predecessor-version":[{"id":12166,"href":"https:\/\/dgospel.com.br\/portal\/index.php\/wp-json\/wp\/v2\/posts\/12164\/revisions\/12166"}],"wp:featuredmedia":[{"embeddable":true,"href":"https:\/\/dgospel.com.br\/portal\/index.php\/wp-json\/wp\/v2\/media\/12165"}],"wp:attachment":[{"href":"https:\/\/dgospel.com.br\/portal\/index.php\/wp-json\/wp\/v2\/media?parent=12164"}],"wp:term":[{"taxonomy":"category","embeddable":true,"href":"https:\/\/dgospel.com.br\/portal\/index.php\/wp-json\/wp\/v2\/categories?post=12164"},{"taxonomy":"post_tag","embeddable":true,"href":"https:\/\/dgospel.com.br\/portal\/index.php\/wp-json\/wp\/v2\/tags?post=12164"}],"curies":[{"name":"wp","href":"https:\/\/api.w.org\/{rel}","templated":true}]}}